{"id":608,"date":"2015-11-29T12:29:19","date_gmt":"2015-11-29T11:29:19","guid":{"rendered":"http:\/\/milimetricserver.com\/moodnatural\/?p=608"},"modified":"2020-01-03T15:36:14","modified_gmt":"2020-01-03T14:36:14","slug":"cosmetica-masculina-olis-essencials","status":"publish","type":"post","link":"https:\/\/www.moodnatural.com\/ca\/2015\/11\/29\/cosmetica-masculina-olis-essencials\/","title":{"rendered":"Cosm\u00e8tica masculina amb olis essencials"},"content":{"rendered":"<h4>Cosm\u00e8tica masculina amb olis essencials: perqu\u00e8 ells tamb\u00e9 es mereixen sentir l\u2019efecte Mood!<\/h4>\n<p>La pell de l\u2019home, igual que la de la dona, necessita cura, protecci\u00f3, hidrataci\u00f3 i actius contra els signes de l\u2019envelliment. Necessiten productes multifuncionals de cosm\u00e8tica masculina que s\u2019adaptin a les necessitats de la seva pell, una pell m\u00e9s gruixuda i que, tot i ser m\u00e9s seca en general, tamb\u00e9 a vegades t\u00e9 zones m\u00e9s greixoses o pot estar fins i tot maltractada constantment per rutines d\u2019afaitat; tamb\u00e9 necessitaran cures especials aquells homes que hagin decidit seguir les tend\u00e8ncies i deixar-se barba.<\/p>\n<p><em>Els productes de\u00a0<strong>Mood Natural Barcelona <\/strong>han estat dissenyats i formulats amb caracter\u00edstiques per a qu\u00e8 puguin ser utilitzats tant pel p\u00fablic femen\u00ed com pel mascul\u00ed, tant pel seu env\u00e0s, les aromes fresques i les textures agradables de f\u00e0cil absorci\u00f3 que s\u2019adapten tant a elles com a ells.<\/em><\/p>\n<p>Mood Natural Barcelona, a trav\u00e9s dels seus\u00a0s\u00e8rums <strong>Combo<\/strong>, ofereix una combinaci\u00f3 extraordin\u00e0ria d\u2019olis amb efectes meravellosos. Els olis s\u00f3n un dels ingredients principals de la cosm\u00e8tica, tenen propietats dermatol\u00f2giques, aporten una alta hidrataci\u00f3 i penetren molt b\u00e9 a la nostra pell, donant-li elasticitat, suavitat i nutrici\u00f3, aportant una excel\u00b7lent cura al nostre cos pel seu alt grau de riquesa en vitamines i antioxidants, que ajuden a mantenir una pell saludable. Per\u00f2 no nom\u00e9s s\u00f3n beneficiosos per la nostra pell; \u00faltimament cada dia se sent a parlar m\u00e9s sobre l\u2019\u00fas dels olis per la cura del cabell, ja que restauren el cabell sec i en suavitzen la textura, deixant un acabat espectacular no nom\u00e9s als cabells sino tamb\u00e9 a la barba. El nostre s\u00e8rum\u00a0<strong><a href=\"https:\/\/www.moodnatural.com\/ca\/producte\/serum-combo-regenera-regenerador-i-antiedat\/\">Combo Regenera<\/a>+,<\/strong>\u00a0amb oli d\u2019arg\u00e0nia, oli de rosa mosqueta i oli de pastanaga, i el<strong>\u00a0<\/strong>s\u00e8rum <strong><a href=\"https:\/\/www.moodnatural.com\/ca\/producte\/serum-combo-hidra-hidratant\/\">Combo Hidra<\/a>+<\/strong>, amb oli d\u2019oliva, oli d\u2019ametlles dolces i oli de borratja, que cuida, hidrata i nodreix el cabell, no nom\u00e9s deixaran la barba amb un gran aspecte, sin\u00f3 que tamb\u00e9 cuidaran i hidrataran la pell de sota. Nom\u00e9s cal posar 2 \u00f3 3 gotes entre els palmells de les mans, repartir-les i aplicar-les a sobre la barba humida despr\u00e9s de la dutxa, i aix\u00ed evitarem un exc\u00e9s de brillantor i li donarem la hidrataci\u00f3 justa. Despr\u00e9s es pot aplicar l\u2019assecador amb aire tebi durant 30 segons i, nois, ja ho teniu! a lluir barba!<\/p>\n<p>Per aquells homes que no tenen un p\u00e8l de tontos i que s\u2019atreveixen a provar l\u2019efecte Mood.<\/p>\n","protected":false},"excerpt":{"rendered":"<p>Cosm\u00e8tica masculina amb olis essencials: perqu\u00e8 ells tamb\u00e9 es mereixen sentir l\u2019efecte Mood! La pell de l\u2019home, igual que la de la dona, necessita cura, protecci\u00f3, hidrataci\u00f3 i actius contra<\/p>\n","protected":false},"author":1,"featured_media":609,"comment_status":"closed","ping_status":"closed","sticky":false,"template":"","format":"standard","meta":{"_acf_changed":false,"footnotes":""},"categories":[1],"tags":[136,45,137,16,138,19,20,21,92],"class_list":["post-608","post","type-post","status-publish","format-standard","has-post-thumbnail","hentry","category-pell","tag-barba","tag-barcelona","tag-cosmetica-masculina","tag-cosmetica-natural-barcelona","tag-essential-oils","tag-mood-natural","tag-mood-natural-barcelona","tag-natural-mood","tag-olis-essencials"],"acf":[],"yoast_head":"<!-- This site is optimized with the Yoast SEO plugin v24.7 - https:\/\/yoast.com\/wordpress\/plugins\/seo\/ -->\n<title>Cosm\u00e8tica masculina amb olis essencials - Mood Natural<\/title>\n<meta name=\"description\" content=\"La pell de l&#039;home necessita cura i protecci\u00f3. Llegeix el nostre article de cosm\u00e8tica masculina amb olis essencials, perqu\u00e8 et mereixes sentir l\u2019efecte Mood!\" \/>\n<meta name=\"robots\" content=\"index, follow, max-snippet:-1, max-image-preview:large, max-video-preview:-1\" \/>\n<link rel=\"canonical\" href=\"https:\/\/www.moodnatural.com\/ca\/2015\/11\/29\/cosmetica-masculina-olis-essencials\/\" \/>\n<meta property=\"og:locale\" content=\"ca_ES\" \/>\n<meta property=\"og:type\" content=\"article\" \/>\n<meta property=\"og:title\" content=\"Cosm\u00e8tica masculina amb olis essencials - Mood Natural\" \/>\n<meta property=\"og:description\" content=\"La pell de l&#039;home necessita cura i protecci\u00f3. Llegeix el nostre article de cosm\u00e8tica masculina amb olis essencials, perqu\u00e8 et mereixes sentir l\u2019efecte Mood!\" \/>\n<meta property=\"og:url\" content=\"https:\/\/www.moodnatural.com\/ca\/2015\/11\/29\/cosmetica-masculina-olis-essencials\/\" \/>\n<meta property=\"og:site_name\" content=\"Mood Natural\" \/>\n<meta property=\"article:published_time\" content=\"2015-11-29T11:29:19+00:00\" \/>\n<meta property=\"article:modified_time\" content=\"2020-01-03T14:36:14+00:00\" \/>\n<meta property=\"og:image\" content=\"https:\/\/www.moodnatural.com\/wp-content\/uploads\/2017\/08\/34-posthomes.jpg\" \/>\n\t<meta property=\"og:image:width\" content=\"700\" \/>\n\t<meta property=\"og:image:height\" content=\"466\" \/>\n\t<meta property=\"og:image:type\" content=\"image\/jpeg\" \/>\n<meta name=\"author\" content=\"jordi\" \/>\n<meta name=\"twitter:card\" content=\"summary_large_image\" \/>\n<meta name=\"twitter:label1\" content=\"Escrit per\" \/>\n\t<meta name=\"twitter:data1\" content=\"jordi\" \/>\n\t<meta name=\"twitter:label2\" content=\"Temps estimat de lectura\" \/>\n\t<meta name=\"twitter:data2\" content=\"2 minuts\" \/>\n<script type=\"application\/ld+json\" class=\"yoast-schema-graph\">{\"@context\":\"https:\/\/schema.org\",\"@graph\":[{\"@type\":\"Article\",\"@id\":\"https:\/\/www.moodnatural.com\/ca\/2015\/11\/29\/cosmetica-masculina-olis-essencials\/#article\",\"isPartOf\":{\"@id\":\"https:\/\/www.moodnatural.com\/ca\/2015\/11\/29\/cosmetica-masculina-olis-essencials\/\"},\"author\":{\"name\":\"jordi\",\"@id\":\"https:\/\/www.moodnatural.com\/ca\/#\/schema\/person\/1c544f5ff43b5d545961cda75f0266f2\"},\"headline\":\"Cosm\u00e8tica masculina amb olis essencials\",\"datePublished\":\"2015-11-29T11:29:19+00:00\",\"dateModified\":\"2020-01-03T14:36:14+00:00\",\"mainEntityOfPage\":{\"@id\":\"https:\/\/www.moodnatural.com\/ca\/2015\/11\/29\/cosmetica-masculina-olis-essencials\/\"},\"wordCount\":441,\"publisher\":{\"@id\":\"https:\/\/www.moodnatural.com\/ca\/#organization\"},\"image\":{\"@id\":\"https:\/\/www.moodnatural.com\/ca\/2015\/11\/29\/cosmetica-masculina-olis-essencials\/#primaryimage\"},\"thumbnailUrl\":\"https:\/\/www.moodnatural.com\/wp-content\/uploads\/2017\/08\/34-posthomes.jpg\",\"keywords\":[\"barba\",\"barcelona\",\"cosm\u00e8tica masculina\",\"cosm\u00e8tica natural barcelona\",\"essential oils\",\"mood natural\",\"mood natural barcelona\",\"natural mood\",\"olis essencials\"],\"articleSection\":[\"Pell\"],\"inLanguage\":\"ca\"},{\"@type\":\"WebPage\",\"@id\":\"https:\/\/www.moodnatural.com\/ca\/2015\/11\/29\/cosmetica-masculina-olis-essencials\/\",\"url\":\"https:\/\/www.moodnatural.com\/ca\/2015\/11\/29\/cosmetica-masculina-olis-essencials\/\",\"name\":\"Cosm\u00e8tica masculina amb olis essencials - Mood Natural\",\"isPartOf\":{\"@id\":\"https:\/\/www.moodnatural.com\/ca\/#website\"},\"primaryImageOfPage\":{\"@id\":\"https:\/\/www.moodnatural.com\/ca\/2015\/11\/29\/cosmetica-masculina-olis-essencials\/#primaryimage\"},\"image\":{\"@id\":\"https:\/\/www.moodnatural.com\/ca\/2015\/11\/29\/cosmetica-masculina-olis-essencials\/#primaryimage\"},\"thumbnailUrl\":\"https:\/\/www.moodnatural.com\/wp-content\/uploads\/2017\/08\/34-posthomes.jpg\",\"datePublished\":\"2015-11-29T11:29:19+00:00\",\"dateModified\":\"2020-01-03T14:36:14+00:00\",\"description\":\"La pell de l'home necessita cura i protecci\u00f3. Llegeix el nostre article de cosm\u00e8tica masculina amb olis essencials, perqu\u00e8 et mereixes sentir l\u2019efecte Mood!\",\"breadcrumb\":{\"@id\":\"https:\/\/www.moodnatural.com\/ca\/2015\/11\/29\/cosmetica-masculina-olis-essencials\/#breadcrumb\"},\"inLanguage\":\"ca\",\"potentialAction\":[{\"@type\":\"ReadAction\",\"target\":[\"https:\/\/www.moodnatural.com\/ca\/2015\/11\/29\/cosmetica-masculina-olis-essencials\/\"]}]},{\"@type\":\"ImageObject\",\"inLanguage\":\"ca\",\"@id\":\"https:\/\/www.moodnatural.com\/ca\/2015\/11\/29\/cosmetica-masculina-olis-essencials\/#primaryimage\",\"url\":\"https:\/\/www.moodnatural.com\/wp-content\/uploads\/2017\/08\/34-posthomes.jpg\",\"contentUrl\":\"https:\/\/www.moodnatural.com\/wp-content\/uploads\/2017\/08\/34-posthomes.jpg\",\"width\":700,\"height\":466,\"caption\":\"Cosm\u00e8tica Masculina\"},{\"@type\":\"BreadcrumbList\",\"@id\":\"https:\/\/www.moodnatural.com\/ca\/2015\/11\/29\/cosmetica-masculina-olis-essencials\/#breadcrumb\",\"itemListElement\":[{\"@type\":\"ListItem\",\"position\":1,\"name\":\"Portada\",\"item\":\"https:\/\/www.moodnatural.com\/ca\/\"},{\"@type\":\"ListItem\",\"position\":2,\"name\":\"Cosm\u00e8tica masculina amb olis essencials\"}]},{\"@type\":\"WebSite\",\"@id\":\"https:\/\/www.moodnatural.com\/ca\/#website\",\"url\":\"https:\/\/www.moodnatural.com\/ca\/\",\"name\":\"Mood Natural\",\"description\":\"Cosm\u00e9tica natural Barcelona\",\"publisher\":{\"@id\":\"https:\/\/www.moodnatural.com\/ca\/#organization\"},\"potentialAction\":[{\"@type\":\"SearchAction\",\"target\":{\"@type\":\"EntryPoint\",\"urlTemplate\":\"https:\/\/www.moodnatural.com\/ca\/?s={search_term_string}\"},\"query-input\":{\"@type\":\"PropertyValueSpecification\",\"valueRequired\":true,\"valueName\":\"search_term_string\"}}],\"inLanguage\":\"ca\"},{\"@type\":\"Organization\",\"@id\":\"https:\/\/www.moodnatural.com\/ca\/#organization\",\"name\":\"Mood Natural Barcelona\",\"url\":\"https:\/\/www.moodnatural.com\/ca\/\",\"logo\":{\"@type\":\"ImageObject\",\"inLanguage\":\"ca\",\"@id\":\"https:\/\/www.moodnatural.com\/ca\/#\/schema\/logo\/image\/\",\"url\":\"https:\/\/www.moodnatural.com\/wp-content\/uploads\/2017\/09\/logo-moodbarcelona-55.png\",\"contentUrl\":\"https:\/\/www.moodnatural.com\/wp-content\/uploads\/2017\/09\/logo-moodbarcelona-55.png\",\"width\":330,\"height\":55,\"caption\":\"Mood Natural Barcelona\"},\"image\":{\"@id\":\"https:\/\/www.moodnatural.com\/ca\/#\/schema\/logo\/image\/\"}},{\"@type\":\"Person\",\"@id\":\"https:\/\/www.moodnatural.com\/ca\/#\/schema\/person\/1c544f5ff43b5d545961cda75f0266f2\",\"name\":\"jordi\",\"image\":{\"@type\":\"ImageObject\",\"inLanguage\":\"ca\",\"@id\":\"https:\/\/www.moodnatural.com\/ca\/#\/schema\/person\/image\/\",\"url\":\"https:\/\/secure.gravatar.com\/avatar\/64ee57f098f38572a60fac7cc89c1a4e8fc17a850ca53ae642e23623210fc671?s=96&d=mm&r=g\",\"contentUrl\":\"https:\/\/secure.gravatar.com\/avatar\/64ee57f098f38572a60fac7cc89c1a4e8fc17a850ca53ae642e23623210fc671?s=96&d=mm&r=g\",\"caption\":\"jordi\"}}]}<\/script>\n<!-- \/ Yoast SEO plugin. -->","yoast_head_json":{"title":"Cosm\u00e8tica masculina amb olis essencials - Mood Natural","description":"La pell de l'home necessita cura i protecci\u00f3. Llegeix el nostre article de cosm\u00e8tica masculina amb olis essencials, perqu\u00e8 et mereixes sentir l\u2019efecte Mood!","robots":{"index":"index","follow":"follow","max-snippet":"max-snippet:-1","max-image-preview":"max-image-preview:large","max-video-preview":"max-video-preview:-1"},"canonical":"https:\/\/www.moodnatural.com\/ca\/2015\/11\/29\/cosmetica-masculina-olis-essencials\/","og_locale":"ca_ES","og_type":"article","og_title":"Cosm\u00e8tica masculina amb olis essencials - Mood Natural","og_description":"La pell de l'home necessita cura i protecci\u00f3. Llegeix el nostre article de cosm\u00e8tica masculina amb olis essencials, perqu\u00e8 et mereixes sentir l\u2019efecte Mood!","og_url":"https:\/\/www.moodnatural.com\/ca\/2015\/11\/29\/cosmetica-masculina-olis-essencials\/","og_site_name":"Mood Natural","article_published_time":"2015-11-29T11:29:19+00:00","article_modified_time":"2020-01-03T14:36:14+00:00","og_image":[{"width":700,"height":466,"url":"https:\/\/www.moodnatural.com\/wp-content\/uploads\/2017\/08\/34-posthomes.jpg","type":"image\/jpeg"}],"author":"jordi","twitter_card":"summary_large_image","twitter_misc":{"Escrit per":"jordi","Temps estimat de lectura":"2 minuts"},"schema":{"@context":"https:\/\/schema.org","@graph":[{"@type":"Article","@id":"https:\/\/www.moodnatural.com\/ca\/2015\/11\/29\/cosmetica-masculina-olis-essencials\/#article","isPartOf":{"@id":"https:\/\/www.moodnatural.com\/ca\/2015\/11\/29\/cosmetica-masculina-olis-essencials\/"},"author":{"name":"jordi","@id":"https:\/\/www.moodnatural.com\/ca\/#\/schema\/person\/1c544f5ff43b5d545961cda75f0266f2"},"headline":"Cosm\u00e8tica masculina amb olis essencials","datePublished":"2015-11-29T11:29:19+00:00","dateModified":"2020-01-03T14:36:14+00:00","mainEntityOfPage":{"@id":"https:\/\/www.moodnatural.com\/ca\/2015\/11\/29\/cosmetica-masculina-olis-essencials\/"},"wordCount":441,"publisher":{"@id":"https:\/\/www.moodnatural.com\/ca\/#organization"},"image":{"@id":"https:\/\/www.moodnatural.com\/ca\/2015\/11\/29\/cosmetica-masculina-olis-essencials\/#primaryimage"},"thumbnailUrl":"https:\/\/www.moodnatural.com\/wp-content\/uploads\/2017\/08\/34-posthomes.jpg","keywords":["barba","barcelona","cosm\u00e8tica masculina","cosm\u00e8tica natural barcelona","essential oils","mood natural","mood natural barcelona","natural mood","olis essencials"],"articleSection":["Pell"],"inLanguage":"ca"},{"@type":"WebPage","@id":"https:\/\/www.moodnatural.com\/ca\/2015\/11\/29\/cosmetica-masculina-olis-essencials\/","url":"https:\/\/www.moodnatural.com\/ca\/2015\/11\/29\/cosmetica-masculina-olis-essencials\/","name":"Cosm\u00e8tica masculina amb olis essencials - Mood Natural","isPartOf":{"@id":"https:\/\/www.moodnatural.com\/ca\/#website"},"primaryImageOfPage":{"@id":"https:\/\/www.moodnatural.com\/ca\/2015\/11\/29\/cosmetica-masculina-olis-essencials\/#primaryimage"},"image":{"@id":"https:\/\/www.moodnatural.com\/ca\/2015\/11\/29\/cosmetica-masculina-olis-essencials\/#primaryimage"},"thumbnailUrl":"https:\/\/www.moodnatural.com\/wp-content\/uploads\/2017\/08\/34-posthomes.jpg","datePublished":"2015-11-29T11:29:19+00:00","dateModified":"2020-01-03T14:36:14+00:00","description":"La pell de l'home necessita cura i protecci\u00f3. Llegeix el nostre article de cosm\u00e8tica masculina amb olis essencials, perqu\u00e8 et mereixes sentir l\u2019efecte Mood!","breadcrumb":{"@id":"https:\/\/www.moodnatural.com\/ca\/2015\/11\/29\/cosmetica-masculina-olis-essencials\/#breadcrumb"},"inLanguage":"ca","potentialAction":[{"@type":"ReadAction","target":["https:\/\/www.moodnatural.com\/ca\/2015\/11\/29\/cosmetica-masculina-olis-essencials\/"]}]},{"@type":"ImageObject","inLanguage":"ca","@id":"https:\/\/www.moodnatural.com\/ca\/2015\/11\/29\/cosmetica-masculina-olis-essencials\/#primaryimage","url":"https:\/\/www.moodnatural.com\/wp-content\/uploads\/2017\/08\/34-posthomes.jpg","contentUrl":"https:\/\/www.moodnatural.com\/wp-content\/uploads\/2017\/08\/34-posthomes.jpg","width":700,"height":466,"caption":"Cosm\u00e8tica Masculina"},{"@type":"BreadcrumbList","@id":"https:\/\/www.moodnatural.com\/ca\/2015\/11\/29\/cosmetica-masculina-olis-essencials\/#breadcrumb","itemListElement":[{"@type":"ListItem","position":1,"name":"Portada","item":"https:\/\/www.moodnatural.com\/ca\/"},{"@type":"ListItem","position":2,"name":"Cosm\u00e8tica masculina amb olis essencials"}]},{"@type":"WebSite","@id":"https:\/\/www.moodnatural.com\/ca\/#website","url":"https:\/\/www.moodnatural.com\/ca\/","name":"Mood Natural","description":"Cosm\u00e9tica natural Barcelona","publisher":{"@id":"https:\/\/www.moodnatural.com\/ca\/#organization"},"potentialAction":[{"@type":"SearchAction","target":{"@type":"EntryPoint","urlTemplate":"https:\/\/www.moodnatural.com\/ca\/?s={search_term_string}"},"query-input":{"@type":"PropertyValueSpecification","valueRequired":true,"valueName":"search_term_string"}}],"inLanguage":"ca"},{"@type":"Organization","@id":"https:\/\/www.moodnatural.com\/ca\/#organization","name":"Mood Natural Barcelona","url":"https:\/\/www.moodnatural.com\/ca\/","logo":{"@type":"ImageObject","inLanguage":"ca","@id":"https:\/\/www.moodnatural.com\/ca\/#\/schema\/logo\/image\/","url":"https:\/\/www.moodnatural.com\/wp-content\/uploads\/2017\/09\/logo-moodbarcelona-55.png","contentUrl":"https:\/\/www.moodnatural.com\/wp-content\/uploads\/2017\/09\/logo-moodbarcelona-55.png","width":330,"height":55,"caption":"Mood Natural Barcelona"},"image":{"@id":"https:\/\/www.moodnatural.com\/ca\/#\/schema\/logo\/image\/"}},{"@type":"Person","@id":"https:\/\/www.moodnatural.com\/ca\/#\/schema\/person\/1c544f5ff43b5d545961cda75f0266f2","name":"jordi","image":{"@type":"ImageObject","inLanguage":"ca","@id":"https:\/\/www.moodnatural.com\/ca\/#\/schema\/person\/image\/","url":"https:\/\/secure.gravatar.com\/avatar\/64ee57f098f38572a60fac7cc89c1a4e8fc17a850ca53ae642e23623210fc671?s=96&d=mm&r=g","contentUrl":"https:\/\/secure.gravatar.com\/avatar\/64ee57f098f38572a60fac7cc89c1a4e8fc17a850ca53ae642e23623210fc671?s=96&d=mm&r=g","caption":"jordi"}}]}},"_links":{"self":[{"href":"https:\/\/www.moodnatural.com\/ca\/wp-json\/wp\/v2\/posts\/608","targetHints":{"allow":["GET"]}}],"collection":[{"href":"https:\/\/www.moodnatural.com\/ca\/wp-json\/wp\/v2\/posts"}],"about":[{"href":"https:\/\/www.moodnatural.com\/ca\/wp-json\/wp\/v2\/types\/post"}],"author":[{"embeddable":true,"href":"https:\/\/www.moodnatural.com\/ca\/wp-json\/wp\/v2\/users\/1"}],"replies":[{"embeddable":true,"href":"https:\/\/www.moodnatural.com\/ca\/wp-json\/wp\/v2\/comments?post=608"}],"version-history":[{"count":0,"href":"https:\/\/www.moodnatural.com\/ca\/wp-json\/wp\/v2\/posts\/608\/revisions"}],"wp:featuredmedia":[{"embeddable":true,"href":"https:\/\/www.moodnatural.com\/ca\/wp-json\/wp\/v2\/media\/609"}],"wp:attachment":[{"href":"https:\/\/www.moodnatural.com\/ca\/wp-json\/wp\/v2\/media?parent=608"}],"wp:term":[{"taxonomy":"category","embeddable":true,"href":"https:\/\/www.moodnatural.com\/ca\/wp-json\/wp\/v2\/categories?post=608"},{"taxonomy":"post_tag","embeddable":true,"href":"https:\/\/www.moodnatural.com\/ca\/wp-json\/wp\/v2\/tags?post=608"}],"curies":[{"name":"wp","href":"https:\/\/api.w.org\/{rel}","templated":true}]}}