{"id":602,"date":"2015-11-12T12:24:27","date_gmt":"2015-11-12T11:24:27","guid":{"rendered":"http:\/\/milimetricserver.com\/moodnatural\/?p=602"},"modified":"2020-01-03T15:41:04","modified_gmt":"2020-01-03T14:41:04","slug":"cosmetica-a-mida","status":"publish","type":"post","link":"https:\/\/www.moodnatural.com\/ca\/2015\/11\/12\/cosmetica-a-mida\/","title":{"rendered":"Cosm\u00e8tica a mida"},"content":{"rendered":"<p><em><strong>La cosm\u00e8tica a mida o \u201cGreen Lab\u201d \u00e9s un concepte creat per Mood Natural Barcelona i pensat per a les persones que volen con\u00e8ixer b\u00e9 la seva pell.<\/strong><\/em><\/p>\n<p>La <a href=\"https:\/\/www.moodnatural.com\/ca\/cosmetica-bio-a-mida\/\">cosm\u00e8tica a mida<\/a> \u00e9s un nou concepte al mercat dels productes cosm\u00e8tics, especialment dissenyat per a aquelles persones que desitgen satisfer les necessitats espec\u00edfiques de la seva pell.<\/p>\n<p>Aix\u00ed com el nostre estat d\u2019\u00e0nim canvia, la nostra pell tamb\u00e9 canvia d\u2019acord als est\u00edmuls que rep, que depenent de l\u2019entorn, el clima, del nostre dia a dia\u2026 i poden ser positius o negatius. Pensant en la nostra pell\u00a0<strong>MOOD NATURAL BARCELONA<\/strong>\u00a0va crear els seus extraordinaris\u00a0s\u00e8rums <strong>COMBO+,<\/strong>\u00a0basats en una combinaci\u00f3 meravellosa d\u2019olis essencials i vegetals que responen a les diferents necessitats de la nostra pell. Un concentrat d\u2019actius per a cada necessitat de la nostra pell.<\/p>\n<p>El <a href=\"https:\/\/www.moodnatural.com\/ca\/producte\/serum-combo-antistress-antiestres-i-calmant\/\"><strong>S\u00c8RUM\u00a0COMBO<\/strong>\u00a0<strong>ANTISTRESS<\/strong><\/a>+ \u00e9s una fabulosa combinaci\u00f3\u00a0<strong>d\u2019oli essencial d\u2019esp\u00edgol<\/strong>\u00a0amb reconegudes propietats relaxants i antiestr\u00e8s en aromater\u00e0pia,<strong>\u00a0oli essencial de llimona<\/strong>\u00a0amb aroma c\u00edtrica que millora l\u2019estat d\u2019\u00e0nim, i sobre la pell, ajuda a suavitzar-la, i\u00a0<strong>extracte de camamilla<\/strong>\u00a0(bisabolol), que confereix un efecte calmant sobre la pell, aquest\u00a0s\u00e8rum <strong>COMBO\u00a0<\/strong>t\u00e9 un efecte de relaxant immediat a la nostra pell.<\/p>\n<p>El\u00a0s\u00e8rum <a href=\"https:\/\/www.moodnatural.com\/ca\/producte\/serum-combo-hidra-hidratant\/\"><strong>COMBO<\/strong>\u00a0<strong>HIDRA<\/strong><\/a>+ aporta un plus d\u2019actius naturals a la cura di\u00e0ria de la pell, oferint les seves propietats hidratants al servei de les necessitats de cada persona. Cont\u00e9\u00a0<strong>oli d\u2019ametlles dolces, oli d\u2019oliva i oli de borratja<\/strong>, que a m\u00e9s t\u00e9 un alt poder antiedat.<\/p>\n<p>El\u00a0s\u00e8rum <strong><a href=\"https:\/\/www.moodnatural.com\/ca\/producte\/serum-combo-regenera-regenerador-i-antiedat\/\">COMBO REGENERA<\/a>+<\/strong>\u00a0amb\u00a0<strong>oli de rosa mosqueta,<\/strong>\u00a0el regenerador natural m\u00e9s conegut, que fins i tot es pot utilitzar per accelerar la regeneraci\u00f3 de cicatrius,\u00a0<strong>oli d\u2019arg\u00e0nia<\/strong>, de nomenades propietats regeneradores i antiedat, i\u00a0<strong>oli de pastanaga<\/strong>, que cont\u00e9 vitamina A, un bon protector cutani i conegut agent antiedat.<\/p>\n<p>El\u00a0s\u00e8rum <a href=\"https:\/\/www.moodnatural.com\/ca\/producte\/serum-combo-regenera-regenerador-i-antiedat\/\"><strong>COMBO<\/strong>\u00a0<strong>ANTIOX<\/strong><\/a>+ un concentrat d\u2019actius amb tres ingredients de poder antioxidant que ajudaran a la teva pell a mantenir-se en bon estat. Cont\u00e9\u00a0<strong>oli de taronja<\/strong>\u00a0(vitamina C),\u00a0<strong>oli de pastanaga<\/strong>\u00a0(vitamina A, \u00e9s protector) i\u00a0<strong>vitamina E<\/strong>; tres actius antioxidants naturals pensats i dissenyats com a tractament cutani antiedat.<\/p>\n<p>Nom\u00e9s n\u2019hi ha prou amb aplicar unes gotes en el palmell de la teva m\u00e0 i aplicar-los com un s\u00e8rum de tractament intensiu o una mascareta facial deixant-los actuar en la teva pell per 15 minuts o afegint unes gotes a la teva crema facial d\u2019\u00fas diari, com a nostra\u00a0<strong>CREMA SOURCE OF HAPPINESS<\/strong>\u00a0i potenciar el seu efecte.<\/p>\n<p>Escull el\u00a0s\u00e8rum <strong>COMBO<\/strong>\u00a0que m\u00e9s s\u2019adapti a les necessitats de la teva pell i deixa\u2019t enganxar per l\u2019efecte\u00a0<strong>MOOD<\/strong>.<\/p>\n","protected":false},"excerpt":{"rendered":"<p>La cosm\u00e8tica a mida o \u201cGreen Lab\u201d \u00e9s un concepte creat per Mood Natural Barcelona i pensat per a les persones que volen con\u00e8ixer b\u00e9 la seva pell. La cosm\u00e8tica<\/p>\n","protected":false},"author":1,"featured_media":603,"comment_status":"closed","ping_status":"closed","sticky":false,"template":"","format":"standard","meta":{"_acf_changed":false,"footnotes":""},"categories":[1],"tags":[88,127,128,15,80,39,16,129,130,92],"class_list":["post-602","post","type-post","status-publish","format-standard","has-post-thumbnail","hentry","category-pell","tag-combos","tag-cosmetica-a-medida","tag-cosmetica-a-mida","tag-cosmetica-barcelona","tag-cosmetica-mediterrania","tag-cosmetica-natural","tag-cosmetica-natural-barcelona","tag-diy-cosmetics","tag-do-it-yorself-cosmetics","tag-olis-essencials"],"acf":[],"yoast_head":"<!-- This site is optimized with the Yoast SEO plugin v24.7 - https:\/\/yoast.com\/wordpress\/plugins\/seo\/ -->\n<title>Cosm\u00e8tica a mida - Mood Natural<\/title>\n<meta name=\"description\" content=\"La cosm\u00e8tica a mida o \u201cGreen Lab\u201d \u00e9s un concepte creat per Mood Natural Barcelona i pensat per a les persones que volen con\u00e8ixer b\u00e9 la seva pell.\" \/>\n<meta name=\"robots\" content=\"index, follow, max-snippet:-1, max-image-preview:large, max-video-preview:-1\" \/>\n<link rel=\"canonical\" href=\"https:\/\/www.moodnatural.com\/ca\/2015\/11\/12\/cosmetica-a-mida\/\" \/>\n<meta property=\"og:locale\" content=\"ca_ES\" \/>\n<meta property=\"og:type\" content=\"article\" \/>\n<meta property=\"og:title\" content=\"Cosm\u00e8tica a mida - Mood Natural\" \/>\n<meta property=\"og:description\" content=\"La cosm\u00e8tica a mida o \u201cGreen Lab\u201d \u00e9s un concepte creat per Mood Natural Barcelona i pensat per a les persones que volen con\u00e8ixer b\u00e9 la seva pell.\" \/>\n<meta property=\"og:url\" content=\"https:\/\/www.moodnatural.com\/ca\/2015\/11\/12\/cosmetica-a-mida\/\" \/>\n<meta property=\"og:site_name\" content=\"Mood Natural\" \/>\n<meta property=\"article:published_time\" content=\"2015-11-12T11:24:27+00:00\" \/>\n<meta property=\"article:modified_time\" content=\"2020-01-03T14:41:04+00:00\" \/>\n<meta property=\"og:image\" content=\"https:\/\/www.moodnatural.com\/wp-content\/uploads\/2017\/08\/32-Poster-Mood-Nat-BCN-1004x1024.jpg\" \/>\n\t<meta property=\"og:image:width\" content=\"1004\" \/>\n\t<meta property=\"og:image:height\" content=\"1024\" \/>\n\t<meta property=\"og:image:type\" content=\"image\/jpeg\" \/>\n<meta name=\"author\" content=\"jordi\" \/>\n<meta name=\"twitter:card\" content=\"summary_large_image\" \/>\n<meta name=\"twitter:label1\" content=\"Escrit per\" \/>\n\t<meta name=\"twitter:data1\" content=\"jordi\" \/>\n\t<meta name=\"twitter:label2\" content=\"Temps estimat de lectura\" \/>\n\t<meta name=\"twitter:data2\" content=\"2 minuts\" \/>\n<script type=\"application\/ld+json\" class=\"yoast-schema-graph\">{\"@context\":\"https:\/\/schema.org\",\"@graph\":[{\"@type\":\"Article\",\"@id\":\"https:\/\/www.moodnatural.com\/ca\/2015\/11\/12\/cosmetica-a-mida\/#article\",\"isPartOf\":{\"@id\":\"https:\/\/www.moodnatural.com\/ca\/2015\/11\/12\/cosmetica-a-mida\/\"},\"author\":{\"name\":\"jordi\",\"@id\":\"https:\/\/www.moodnatural.com\/ca\/#\/schema\/person\/1c544f5ff43b5d545961cda75f0266f2\"},\"headline\":\"Cosm\u00e8tica a mida\",\"datePublished\":\"2015-11-12T11:24:27+00:00\",\"dateModified\":\"2020-01-03T14:41:04+00:00\",\"mainEntityOfPage\":{\"@id\":\"https:\/\/www.moodnatural.com\/ca\/2015\/11\/12\/cosmetica-a-mida\/\"},\"wordCount\":474,\"publisher\":{\"@id\":\"https:\/\/www.moodnatural.com\/ca\/#organization\"},\"image\":{\"@id\":\"https:\/\/www.moodnatural.com\/ca\/2015\/11\/12\/cosmetica-a-mida\/#primaryimage\"},\"thumbnailUrl\":\"https:\/\/www.moodnatural.com\/wp-content\/uploads\/2017\/08\/32-Poster-Mood-Nat-BCN-1004x1024.jpg\",\"keywords\":[\"combos\",\"cosm\u00e8tica a medida\",\"cosm\u00e8tica a mida\",\"cosm\u00e8tica barcelona\",\"Cosm\u00e8tica mediterr\u00e0nia\",\"cosm\u00e8tica natural\",\"cosm\u00e8tica natural barcelona\",\"DIY cosmetics\",\"do it yorself cosmetics\",\"olis essencials\"],\"articleSection\":[\"Pell\"],\"inLanguage\":\"ca\"},{\"@type\":\"WebPage\",\"@id\":\"https:\/\/www.moodnatural.com\/ca\/2015\/11\/12\/cosmetica-a-mida\/\",\"url\":\"https:\/\/www.moodnatural.com\/ca\/2015\/11\/12\/cosmetica-a-mida\/\",\"name\":\"Cosm\u00e8tica a mida - Mood Natural\",\"isPartOf\":{\"@id\":\"https:\/\/www.moodnatural.com\/ca\/#website\"},\"primaryImageOfPage\":{\"@id\":\"https:\/\/www.moodnatural.com\/ca\/2015\/11\/12\/cosmetica-a-mida\/#primaryimage\"},\"image\":{\"@id\":\"https:\/\/www.moodnatural.com\/ca\/2015\/11\/12\/cosmetica-a-mida\/#primaryimage\"},\"thumbnailUrl\":\"https:\/\/www.moodnatural.com\/wp-content\/uploads\/2017\/08\/32-Poster-Mood-Nat-BCN-1004x1024.jpg\",\"datePublished\":\"2015-11-12T11:24:27+00:00\",\"dateModified\":\"2020-01-03T14:41:04+00:00\",\"description\":\"La cosm\u00e8tica a mida o \u201cGreen Lab\u201d \u00e9s un concepte creat per Mood Natural Barcelona i pensat per a les persones que volen con\u00e8ixer b\u00e9 la seva pell.\",\"breadcrumb\":{\"@id\":\"https:\/\/www.moodnatural.com\/ca\/2015\/11\/12\/cosmetica-a-mida\/#breadcrumb\"},\"inLanguage\":\"ca\",\"potentialAction\":[{\"@type\":\"ReadAction\",\"target\":[\"https:\/\/www.moodnatural.com\/ca\/2015\/11\/12\/cosmetica-a-mida\/\"]}]},{\"@type\":\"ImageObject\",\"inLanguage\":\"ca\",\"@id\":\"https:\/\/www.moodnatural.com\/ca\/2015\/11\/12\/cosmetica-a-mida\/#primaryimage\",\"url\":\"https:\/\/www.moodnatural.com\/wp-content\/uploads\/2017\/08\/32-Poster-Mood-Nat-BCN-1004x1024.jpg\",\"contentUrl\":\"https:\/\/www.moodnatural.com\/wp-content\/uploads\/2017\/08\/32-Poster-Mood-Nat-BCN-1004x1024.jpg\",\"width\":1004,\"height\":1024,\"caption\":\"Cosm\u00e8tica a Mida\"},{\"@type\":\"BreadcrumbList\",\"@id\":\"https:\/\/www.moodnatural.com\/ca\/2015\/11\/12\/cosmetica-a-mida\/#breadcrumb\",\"itemListElement\":[{\"@type\":\"ListItem\",\"position\":1,\"name\":\"Portada\",\"item\":\"https:\/\/www.moodnatural.com\/ca\/\"},{\"@type\":\"ListItem\",\"position\":2,\"name\":\"Cosm\u00e8tica a mida\"}]},{\"@type\":\"WebSite\",\"@id\":\"https:\/\/www.moodnatural.com\/ca\/#website\",\"url\":\"https:\/\/www.moodnatural.com\/ca\/\",\"name\":\"Mood Natural\",\"description\":\"Cosm\u00e9tica natural Barcelona\",\"publisher\":{\"@id\":\"https:\/\/www.moodnatural.com\/ca\/#organization\"},\"potentialAction\":[{\"@type\":\"SearchAction\",\"target\":{\"@type\":\"EntryPoint\",\"urlTemplate\":\"https:\/\/www.moodnatural.com\/ca\/?s={search_term_string}\"},\"query-input\":{\"@type\":\"PropertyValueSpecification\",\"valueRequired\":true,\"valueName\":\"search_term_string\"}}],\"inLanguage\":\"ca\"},{\"@type\":\"Organization\",\"@id\":\"https:\/\/www.moodnatural.com\/ca\/#organization\",\"name\":\"Mood Natural Barcelona\",\"url\":\"https:\/\/www.moodnatural.com\/ca\/\",\"logo\":{\"@type\":\"ImageObject\",\"inLanguage\":\"ca\",\"@id\":\"https:\/\/www.moodnatural.com\/ca\/#\/schema\/logo\/image\/\",\"url\":\"https:\/\/www.moodnatural.com\/wp-content\/uploads\/2017\/09\/logo-moodbarcelona-55.png\",\"contentUrl\":\"https:\/\/www.moodnatural.com\/wp-content\/uploads\/2017\/09\/logo-moodbarcelona-55.png\",\"width\":330,\"height\":55,\"caption\":\"Mood Natural Barcelona\"},\"image\":{\"@id\":\"https:\/\/www.moodnatural.com\/ca\/#\/schema\/logo\/image\/\"}},{\"@type\":\"Person\",\"@id\":\"https:\/\/www.moodnatural.com\/ca\/#\/schema\/person\/1c544f5ff43b5d545961cda75f0266f2\",\"name\":\"jordi\",\"image\":{\"@type\":\"ImageObject\",\"inLanguage\":\"ca\",\"@id\":\"https:\/\/www.moodnatural.com\/ca\/#\/schema\/person\/image\/\",\"url\":\"https:\/\/secure.gravatar.com\/avatar\/64ee57f098f38572a60fac7cc89c1a4e8fc17a850ca53ae642e23623210fc671?s=96&d=mm&r=g\",\"contentUrl\":\"https:\/\/secure.gravatar.com\/avatar\/64ee57f098f38572a60fac7cc89c1a4e8fc17a850ca53ae642e23623210fc671?s=96&d=mm&r=g\",\"caption\":\"jordi\"}}]}<\/script>\n<!-- \/ Yoast SEO plugin. -->","yoast_head_json":{"title":"Cosm\u00e8tica a mida - Mood Natural","description":"La cosm\u00e8tica a mida o \u201cGreen Lab\u201d \u00e9s un concepte creat per Mood Natural Barcelona i pensat per a les persones que volen con\u00e8ixer b\u00e9 la seva pell.","robots":{"index":"index","follow":"follow","max-snippet":"max-snippet:-1","max-image-preview":"max-image-preview:large","max-video-preview":"max-video-preview:-1"},"canonical":"https:\/\/www.moodnatural.com\/ca\/2015\/11\/12\/cosmetica-a-mida\/","og_locale":"ca_ES","og_type":"article","og_title":"Cosm\u00e8tica a mida - Mood Natural","og_description":"La cosm\u00e8tica a mida o \u201cGreen Lab\u201d \u00e9s un concepte creat per Mood Natural Barcelona i pensat per a les persones que volen con\u00e8ixer b\u00e9 la seva pell.","og_url":"https:\/\/www.moodnatural.com\/ca\/2015\/11\/12\/cosmetica-a-mida\/","og_site_name":"Mood Natural","article_published_time":"2015-11-12T11:24:27+00:00","article_modified_time":"2020-01-03T14:41:04+00:00","og_image":[{"width":1004,"height":1024,"url":"https:\/\/www.moodnatural.com\/wp-content\/uploads\/2017\/08\/32-Poster-Mood-Nat-BCN-1004x1024.jpg","type":"image\/jpeg"}],"author":"jordi","twitter_card":"summary_large_image","twitter_misc":{"Escrit per":"jordi","Temps estimat de lectura":"2 minuts"},"schema":{"@context":"https:\/\/schema.org","@graph":[{"@type":"Article","@id":"https:\/\/www.moodnatural.com\/ca\/2015\/11\/12\/cosmetica-a-mida\/#article","isPartOf":{"@id":"https:\/\/www.moodnatural.com\/ca\/2015\/11\/12\/cosmetica-a-mida\/"},"author":{"name":"jordi","@id":"https:\/\/www.moodnatural.com\/ca\/#\/schema\/person\/1c544f5ff43b5d545961cda75f0266f2"},"headline":"Cosm\u00e8tica a mida","datePublished":"2015-11-12T11:24:27+00:00","dateModified":"2020-01-03T14:41:04+00:00","mainEntityOfPage":{"@id":"https:\/\/www.moodnatural.com\/ca\/2015\/11\/12\/cosmetica-a-mida\/"},"wordCount":474,"publisher":{"@id":"https:\/\/www.moodnatural.com\/ca\/#organization"},"image":{"@id":"https:\/\/www.moodnatural.com\/ca\/2015\/11\/12\/cosmetica-a-mida\/#primaryimage"},"thumbnailUrl":"https:\/\/www.moodnatural.com\/wp-content\/uploads\/2017\/08\/32-Poster-Mood-Nat-BCN-1004x1024.jpg","keywords":["combos","cosm\u00e8tica a medida","cosm\u00e8tica a mida","cosm\u00e8tica barcelona","Cosm\u00e8tica mediterr\u00e0nia","cosm\u00e8tica natural","cosm\u00e8tica natural barcelona","DIY cosmetics","do it yorself cosmetics","olis essencials"],"articleSection":["Pell"],"inLanguage":"ca"},{"@type":"WebPage","@id":"https:\/\/www.moodnatural.com\/ca\/2015\/11\/12\/cosmetica-a-mida\/","url":"https:\/\/www.moodnatural.com\/ca\/2015\/11\/12\/cosmetica-a-mida\/","name":"Cosm\u00e8tica a mida - Mood Natural","isPartOf":{"@id":"https:\/\/www.moodnatural.com\/ca\/#website"},"primaryImageOfPage":{"@id":"https:\/\/www.moodnatural.com\/ca\/2015\/11\/12\/cosmetica-a-mida\/#primaryimage"},"image":{"@id":"https:\/\/www.moodnatural.com\/ca\/2015\/11\/12\/cosmetica-a-mida\/#primaryimage"},"thumbnailUrl":"https:\/\/www.moodnatural.com\/wp-content\/uploads\/2017\/08\/32-Poster-Mood-Nat-BCN-1004x1024.jpg","datePublished":"2015-11-12T11:24:27+00:00","dateModified":"2020-01-03T14:41:04+00:00","description":"La cosm\u00e8tica a mida o \u201cGreen Lab\u201d \u00e9s un concepte creat per Mood Natural Barcelona i pensat per a les persones que volen con\u00e8ixer b\u00e9 la seva pell.","breadcrumb":{"@id":"https:\/\/www.moodnatural.com\/ca\/2015\/11\/12\/cosmetica-a-mida\/#breadcrumb"},"inLanguage":"ca","potentialAction":[{"@type":"ReadAction","target":["https:\/\/www.moodnatural.com\/ca\/2015\/11\/12\/cosmetica-a-mida\/"]}]},{"@type":"ImageObject","inLanguage":"ca","@id":"https:\/\/www.moodnatural.com\/ca\/2015\/11\/12\/cosmetica-a-mida\/#primaryimage","url":"https:\/\/www.moodnatural.com\/wp-content\/uploads\/2017\/08\/32-Poster-Mood-Nat-BCN-1004x1024.jpg","contentUrl":"https:\/\/www.moodnatural.com\/wp-content\/uploads\/2017\/08\/32-Poster-Mood-Nat-BCN-1004x1024.jpg","width":1004,"height":1024,"caption":"Cosm\u00e8tica a Mida"},{"@type":"BreadcrumbList","@id":"https:\/\/www.moodnatural.com\/ca\/2015\/11\/12\/cosmetica-a-mida\/#breadcrumb","itemListElement":[{"@type":"ListItem","position":1,"name":"Portada","item":"https:\/\/www.moodnatural.com\/ca\/"},{"@type":"ListItem","position":2,"name":"Cosm\u00e8tica a mida"}]},{"@type":"WebSite","@id":"https:\/\/www.moodnatural.com\/ca\/#website","url":"https:\/\/www.moodnatural.com\/ca\/","name":"Mood Natural","description":"Cosm\u00e9tica natural Barcelona","publisher":{"@id":"https:\/\/www.moodnatural.com\/ca\/#organization"},"potentialAction":[{"@type":"SearchAction","target":{"@type":"EntryPoint","urlTemplate":"https:\/\/www.moodnatural.com\/ca\/?s={search_term_string}"},"query-input":{"@type":"PropertyValueSpecification","valueRequired":true,"valueName":"search_term_string"}}],"inLanguage":"ca"},{"@type":"Organization","@id":"https:\/\/www.moodnatural.com\/ca\/#organization","name":"Mood Natural Barcelona","url":"https:\/\/www.moodnatural.com\/ca\/","logo":{"@type":"ImageObject","inLanguage":"ca","@id":"https:\/\/www.moodnatural.com\/ca\/#\/schema\/logo\/image\/","url":"https:\/\/www.moodnatural.com\/wp-content\/uploads\/2017\/09\/logo-moodbarcelona-55.png","contentUrl":"https:\/\/www.moodnatural.com\/wp-content\/uploads\/2017\/09\/logo-moodbarcelona-55.png","width":330,"height":55,"caption":"Mood Natural Barcelona"},"image":{"@id":"https:\/\/www.moodnatural.com\/ca\/#\/schema\/logo\/image\/"}},{"@type":"Person","@id":"https:\/\/www.moodnatural.com\/ca\/#\/schema\/person\/1c544f5ff43b5d545961cda75f0266f2","name":"jordi","image":{"@type":"ImageObject","inLanguage":"ca","@id":"https:\/\/www.moodnatural.com\/ca\/#\/schema\/person\/image\/","url":"https:\/\/secure.gravatar.com\/avatar\/64ee57f098f38572a60fac7cc89c1a4e8fc17a850ca53ae642e23623210fc671?s=96&d=mm&r=g","contentUrl":"https:\/\/secure.gravatar.com\/avatar\/64ee57f098f38572a60fac7cc89c1a4e8fc17a850ca53ae642e23623210fc671?s=96&d=mm&r=g","caption":"jordi"}}]}},"_links":{"self":[{"href":"https:\/\/www.moodnatural.com\/ca\/wp-json\/wp\/v2\/posts\/602","targetHints":{"allow":["GET"]}}],"collection":[{"href":"https:\/\/www.moodnatural.com\/ca\/wp-json\/wp\/v2\/posts"}],"about":[{"href":"https:\/\/www.moodnatural.com\/ca\/wp-json\/wp\/v2\/types\/post"}],"author":[{"embeddable":true,"href":"https:\/\/www.moodnatural.com\/ca\/wp-json\/wp\/v2\/users\/1"}],"replies":[{"embeddable":true,"href":"https:\/\/www.moodnatural.com\/ca\/wp-json\/wp\/v2\/comments?post=602"}],"version-history":[{"count":0,"href":"https:\/\/www.moodnatural.com\/ca\/wp-json\/wp\/v2\/posts\/602\/revisions"}],"wp:featuredmedia":[{"embeddable":true,"href":"https:\/\/www.moodnatural.com\/ca\/wp-json\/wp\/v2\/media\/603"}],"wp:attachment":[{"href":"https:\/\/www.moodnatural.com\/ca\/wp-json\/wp\/v2\/media?parent=602"}],"wp:term":[{"taxonomy":"category","embeddable":true,"href":"https:\/\/www.moodnatural.com\/ca\/wp-json\/wp\/v2\/categories?post=602"},{"taxonomy":"post_tag","embeddable":true,"href":"https:\/\/www.moodnatural.com\/ca\/wp-json\/wp\/v2\/tags?post=602"}],"curies":[{"name":"wp","href":"https:\/\/api.w.org\/{rel}","templated":true}]}}