{"id":599,"date":"2015-09-28T12:22:09","date_gmt":"2015-09-28T11:22:09","guid":{"rendered":"http:\/\/milimetricserver.com\/moodnatural\/?p=599"},"modified":"2020-01-03T15:42:58","modified_gmt":"2020-01-03T14:42:58","slug":"nostra-pell-davant-tardor","status":"publish","type":"post","link":"https:\/\/www.moodnatural.com\/ca\/2015\/09\/28\/nostra-pell-davant-tardor\/","title":{"rendered":"Cuidar la pell a la Tardor"},"content":{"rendered":"<h4>Ja estem dient ad\u00e9u als dies de sol i als dies de calor, tornem a la rutina de despr\u00e9s de l\u2019estiu, comencem a guardar la roba m\u00e9s descoberta perqu\u00e8 ja s\u2019est\u00e0 acostant el fred i aix\u00ed com adaptem la nostra roba al nou clima tamb\u00e9 hem de cuidar la pell a la Tardor .<\/h4>\n<p>Com ja hem vist en articles anteriors, sabem que la nostra pell \u00e9s la primera barrera de defensa contra les agressions externes, de manera que reacciona de diferents formes davant les diferents agressions clim\u00e0tiques, \u00e9s per aix\u00f2 que no sentim la nostra pell igual durant l\u2019estiu que durant l\u2019hivern.<\/p>\n<p><strong>Quan les temperatures baixen<\/strong>\u00a0<strong>la nostra pell ho nota,<\/strong>\u00a0el fred causa vasoconstricci\u00f3 en els capil\u00b7lars de la pell, els quals es contrauen disminuint la irrigaci\u00f3. Aix\u00f2 causa que no arribi prou oxigen ni nutrients a les c\u00e8l\u00b7lules de l\u2019epidermis, deixant la pell amb un aspecte apagat. Tamb\u00e9 es retarda el cicle de la renovaci\u00f3 cel\u00b7lular i s\u2019acumulen les c\u00e8l\u00b7lules mortes, causant una sensaci\u00f3 de tibantor i falta de confort, a causa del fet que aquesta capa de c\u00e8l\u00b7lules mortes impedeix que la secreci\u00f3 seb\u00e0cia natural de la pell arribi a la superf\u00edcie per lubricar i nodrir l\u2019epidermis, deixant la pell seca i sensible, tamb\u00e9 disminueix la circulaci\u00f3 sangu\u00ednia a nivell de la dermis, i la pell adquireix una coloraci\u00f3 m\u00e9s blanca a grisenca, la qual cosa indica al seu torn un menor subministrament d\u2019oxigen i nutrients de les c\u00e8l\u00b7lules cut\u00e0nies, que disminueixen la seva activitat. Un altre aspecte provocat pel fred persistent \u00e9s el fet que els\u00a0<em>corneocitos<\/em>\u00a0sintetitzin un nombre molt m\u00e9s redu\u00eft de mol\u00e8cules capaces de retenir aigua, i per tant disminueix el contingut d\u2019aigua, el que ocasiona que la pell es torni aspra al tacte i pateixi una descamaci\u00f3 perceptible.<\/p>\n<p>Per combatre tots aquests efectes del fred i cuidar la pell a la tardor, \u00e9s de vital import\u00e0ncia utilitzar un producte adequat per a la cura i correcta hidrataci\u00f3 de la nostra pell, a <strong>MOOD NATURAL BARCELONA<\/strong>\u00a0tenim dos productes perfectes per a tu. La nostra\u00a0<strong>CREMA FACIAL SOURCE OF HAPPINESS<\/strong>\u00a0i el nostre\u00a0<strong>BODY MILK.<\/strong><\/p>\n<p>La nostra\u00a0<a href=\"https:\/\/www.moodnatural.com\/ca\/producte\/crema-facial-diaria\/\"><strong>CREMA SOURCE OF HAPPINESS<\/strong><\/a>\u00a0la crema perfecta \u201ctot en un\u201d per a la cura facial, amb textura suau, lleugera, no greixosa ni enganxosa i una aroma que envolta. Formulada per ser utilitzada els 365 dies de l\u2019any, amb \u00c0cid Hialur\u00f2nic, Col\u00b7lagen, Extracte de Pi, Extracte de l\u2019Herba de Sant Joan, Vitamina E, i amb factor de protecci\u00f3 alt (SPF 20), perqu\u00e8 encara que no sentim el sol a la nostra pell com a l\u2019estiu , el sol segueix estant aqu\u00ed i els efectes de les seves radiacions tamb\u00e9, pel que hem d\u2019utilitzar protecci\u00f3 solar els 365 dies de l\u2019any.<\/p>\n<p>I amb el nostre\u00a0<a href=\"https:\/\/www.moodnatural.com\/ca\/producte\/llet-corporal-hidratant\/\"><strong>BODY MILK<\/strong>,<\/a> t\u2019oferim tota la cura que el teu cos necessita pel fred, ajuda a mantenir la pell hidratada, mantenint la cohesi\u00f3 entre les c\u00e8l\u00b7lules i evitant l\u2019evaporaci\u00f3 de l\u2019aigua de la pell i refor\u00e7ant la seva funci\u00f3 de barrera, amb oli d\u2019 ametlles dolces, extracte de pi, extracte de l\u2019Herba de Sant Joan amb acci\u00f3 calmant i regenerador cutani. A m\u00e9s de tenir un actiu natural que retarda el creixement del\u00a0borrissol\u00a0corporal que ajuda a disminuir l\u2019agressi\u00f3 causada a la pell per l\u2019afaitat o depilaci\u00f3.<\/p>\n<p>Vine, descobreix, coneix i prova els nostres productes a la nostra\u00a0<a href=\"https:\/\/www.moodnatural.com\/ca\/\">web<\/a><\/p>\n","protected":false},"excerpt":{"rendered":"<p>Ja estem dient ad\u00e9u als dies de sol i als dies de calor, tornem a la rutina de despr\u00e9s de l\u2019estiu, comencem a guardar la roba m\u00e9s descoberta perqu\u00e8 ja<\/p>\n","protected":false},"author":1,"featured_media":600,"comment_status":"closed","ping_status":"closed","sticky":false,"template":"","format":"standard","meta":{"_acf_changed":false,"footnotes":""},"categories":[1],"tags":[76,60,80,39,16,81,83,84,124],"class_list":["post-599","post","type-post","status-publish","format-standard","has-post-thumbnail","hentry","category-pell","tag-body-milk","tag-cosmetica","tag-cosmetica-mediterrania","tag-cosmetica-natural","tag-cosmetica-natural-barcelona","tag-cosmetica-per-esportistes","tag-crema-facial-spf20","tag-crema-hidratant-de-dia","tag-ingredients-actius-naturals"],"acf":[],"yoast_head":"<!-- This site is optimized with the Yoast SEO plugin v24.7 - https:\/\/yoast.com\/wordpress\/plugins\/seo\/ -->\n<title>Cuidar la pell a la Tardor - Mood Natural<\/title>\n<meta name=\"description\" content=\"S&#039;acaba l&#039;estiu i tornem a la rutina. S&#039;acosta el fred i aix\u00ed com adaptem la nostra roba al nou clima tamb\u00e9 hem de cuidar la pell a la tardor.\" \/>\n<meta name=\"robots\" content=\"index, follow, max-snippet:-1, max-image-preview:large, max-video-preview:-1\" \/>\n<link rel=\"canonical\" href=\"https:\/\/www.moodnatural.com\/ca\/2015\/09\/28\/nostra-pell-davant-tardor\/\" \/>\n<meta property=\"og:locale\" content=\"ca_ES\" \/>\n<meta property=\"og:type\" content=\"article\" \/>\n<meta property=\"og:title\" content=\"Cuidar la pell a la Tardor - Mood Natural\" \/>\n<meta property=\"og:description\" content=\"S&#039;acaba l&#039;estiu i tornem a la rutina. S&#039;acosta el fred i aix\u00ed com adaptem la nostra roba al nou clima tamb\u00e9 hem de cuidar la pell a la tardor.\" \/>\n<meta property=\"og:url\" content=\"https:\/\/www.moodnatural.com\/ca\/2015\/09\/28\/nostra-pell-davant-tardor\/\" \/>\n<meta property=\"og:site_name\" content=\"Mood Natural\" \/>\n<meta property=\"article:published_time\" content=\"2015-09-28T11:22:09+00:00\" \/>\n<meta property=\"article:modified_time\" content=\"2020-01-03T14:42:58+00:00\" \/>\n<meta property=\"og:image\" content=\"https:\/\/www.moodnatural.com\/wp-content\/uploads\/2017\/08\/30-Mood-Natural-Abril-2015-003-1024x1024.jpg\" \/>\n\t<meta property=\"og:image:width\" content=\"1024\" \/>\n\t<meta property=\"og:image:height\" content=\"1024\" \/>\n\t<meta property=\"og:image:type\" content=\"image\/jpeg\" \/>\n<meta name=\"author\" content=\"jordi\" \/>\n<meta name=\"twitter:card\" content=\"summary_large_image\" \/>\n<meta name=\"twitter:label1\" content=\"Escrit per\" \/>\n\t<meta name=\"twitter:data1\" content=\"jordi\" \/>\n\t<meta name=\"twitter:label2\" content=\"Temps estimat de lectura\" \/>\n\t<meta name=\"twitter:data2\" content=\"3 minuts\" \/>\n<script type=\"application\/ld+json\" class=\"yoast-schema-graph\">{\"@context\":\"https:\/\/schema.org\",\"@graph\":[{\"@type\":\"Article\",\"@id\":\"https:\/\/www.moodnatural.com\/ca\/2015\/09\/28\/nostra-pell-davant-tardor\/#article\",\"isPartOf\":{\"@id\":\"https:\/\/www.moodnatural.com\/ca\/2015\/09\/28\/nostra-pell-davant-tardor\/\"},\"author\":{\"name\":\"jordi\",\"@id\":\"https:\/\/www.moodnatural.com\/ca\/#\/schema\/person\/1c544f5ff43b5d545961cda75f0266f2\"},\"headline\":\"Cuidar la pell a la Tardor\",\"datePublished\":\"2015-09-28T11:22:09+00:00\",\"dateModified\":\"2020-01-03T14:42:58+00:00\",\"mainEntityOfPage\":{\"@id\":\"https:\/\/www.moodnatural.com\/ca\/2015\/09\/28\/nostra-pell-davant-tardor\/\"},\"wordCount\":607,\"publisher\":{\"@id\":\"https:\/\/www.moodnatural.com\/ca\/#organization\"},\"image\":{\"@id\":\"https:\/\/www.moodnatural.com\/ca\/2015\/09\/28\/nostra-pell-davant-tardor\/#primaryimage\"},\"thumbnailUrl\":\"https:\/\/www.moodnatural.com\/wp-content\/uploads\/2017\/08\/30-Mood-Natural-Abril-2015-003-1024x1024.jpg\",\"keywords\":[\"body milk\",\"cosm\u00e8tica\",\"Cosm\u00e8tica mediterr\u00e0nia\",\"cosm\u00e8tica natural\",\"cosm\u00e8tica natural barcelona\",\"cosm\u00e8tica per esportistes\",\"crema facial SPF20\",\"crema hidratant de dia\",\"ingredients actius naturals\"],\"articleSection\":[\"Pell\"],\"inLanguage\":\"ca\"},{\"@type\":\"WebPage\",\"@id\":\"https:\/\/www.moodnatural.com\/ca\/2015\/09\/28\/nostra-pell-davant-tardor\/\",\"url\":\"https:\/\/www.moodnatural.com\/ca\/2015\/09\/28\/nostra-pell-davant-tardor\/\",\"name\":\"Cuidar la pell a la Tardor - Mood Natural\",\"isPartOf\":{\"@id\":\"https:\/\/www.moodnatural.com\/ca\/#website\"},\"primaryImageOfPage\":{\"@id\":\"https:\/\/www.moodnatural.com\/ca\/2015\/09\/28\/nostra-pell-davant-tardor\/#primaryimage\"},\"image\":{\"@id\":\"https:\/\/www.moodnatural.com\/ca\/2015\/09\/28\/nostra-pell-davant-tardor\/#primaryimage\"},\"thumbnailUrl\":\"https:\/\/www.moodnatural.com\/wp-content\/uploads\/2017\/08\/30-Mood-Natural-Abril-2015-003-1024x1024.jpg\",\"datePublished\":\"2015-09-28T11:22:09+00:00\",\"dateModified\":\"2020-01-03T14:42:58+00:00\",\"description\":\"S'acaba l'estiu i tornem a la rutina. S'acosta el fred i aix\u00ed com adaptem la nostra roba al nou clima tamb\u00e9 hem de cuidar la pell a la tardor.\",\"breadcrumb\":{\"@id\":\"https:\/\/www.moodnatural.com\/ca\/2015\/09\/28\/nostra-pell-davant-tardor\/#breadcrumb\"},\"inLanguage\":\"ca\",\"potentialAction\":[{\"@type\":\"ReadAction\",\"target\":[\"https:\/\/www.moodnatural.com\/ca\/2015\/09\/28\/nostra-pell-davant-tardor\/\"]}]},{\"@type\":\"ImageObject\",\"inLanguage\":\"ca\",\"@id\":\"https:\/\/www.moodnatural.com\/ca\/2015\/09\/28\/nostra-pell-davant-tardor\/#primaryimage\",\"url\":\"https:\/\/www.moodnatural.com\/wp-content\/uploads\/2017\/08\/30-Mood-Natural-Abril-2015-003-1024x1024.jpg\",\"contentUrl\":\"https:\/\/www.moodnatural.com\/wp-content\/uploads\/2017\/08\/30-Mood-Natural-Abril-2015-003-1024x1024.jpg\",\"width\":1024,\"height\":1024},{\"@type\":\"BreadcrumbList\",\"@id\":\"https:\/\/www.moodnatural.com\/ca\/2015\/09\/28\/nostra-pell-davant-tardor\/#breadcrumb\",\"itemListElement\":[{\"@type\":\"ListItem\",\"position\":1,\"name\":\"Portada\",\"item\":\"https:\/\/www.moodnatural.com\/ca\/\"},{\"@type\":\"ListItem\",\"position\":2,\"name\":\"Cuidar la pell a la Tardor\"}]},{\"@type\":\"WebSite\",\"@id\":\"https:\/\/www.moodnatural.com\/ca\/#website\",\"url\":\"https:\/\/www.moodnatural.com\/ca\/\",\"name\":\"Mood Natural\",\"description\":\"Cosm\u00e9tica natural Barcelona\",\"publisher\":{\"@id\":\"https:\/\/www.moodnatural.com\/ca\/#organization\"},\"potentialAction\":[{\"@type\":\"SearchAction\",\"target\":{\"@type\":\"EntryPoint\",\"urlTemplate\":\"https:\/\/www.moodnatural.com\/ca\/?s={search_term_string}\"},\"query-input\":{\"@type\":\"PropertyValueSpecification\",\"valueRequired\":true,\"valueName\":\"search_term_string\"}}],\"inLanguage\":\"ca\"},{\"@type\":\"Organization\",\"@id\":\"https:\/\/www.moodnatural.com\/ca\/#organization\",\"name\":\"Mood Natural Barcelona\",\"url\":\"https:\/\/www.moodnatural.com\/ca\/\",\"logo\":{\"@type\":\"ImageObject\",\"inLanguage\":\"ca\",\"@id\":\"https:\/\/www.moodnatural.com\/ca\/#\/schema\/logo\/image\/\",\"url\":\"https:\/\/www.moodnatural.com\/wp-content\/uploads\/2017\/09\/logo-moodbarcelona-55.png\",\"contentUrl\":\"https:\/\/www.moodnatural.com\/wp-content\/uploads\/2017\/09\/logo-moodbarcelona-55.png\",\"width\":330,\"height\":55,\"caption\":\"Mood Natural Barcelona\"},\"image\":{\"@id\":\"https:\/\/www.moodnatural.com\/ca\/#\/schema\/logo\/image\/\"}},{\"@type\":\"Person\",\"@id\":\"https:\/\/www.moodnatural.com\/ca\/#\/schema\/person\/1c544f5ff43b5d545961cda75f0266f2\",\"name\":\"jordi\",\"image\":{\"@type\":\"ImageObject\",\"inLanguage\":\"ca\",\"@id\":\"https:\/\/www.moodnatural.com\/ca\/#\/schema\/person\/image\/\",\"url\":\"https:\/\/secure.gravatar.com\/avatar\/64ee57f098f38572a60fac7cc89c1a4e8fc17a850ca53ae642e23623210fc671?s=96&d=mm&r=g\",\"contentUrl\":\"https:\/\/secure.gravatar.com\/avatar\/64ee57f098f38572a60fac7cc89c1a4e8fc17a850ca53ae642e23623210fc671?s=96&d=mm&r=g\",\"caption\":\"jordi\"}}]}<\/script>\n<!-- \/ Yoast SEO plugin. -->","yoast_head_json":{"title":"Cuidar la pell a la Tardor - Mood Natural","description":"S'acaba l'estiu i tornem a la rutina. S'acosta el fred i aix\u00ed com adaptem la nostra roba al nou clima tamb\u00e9 hem de cuidar la pell a la tardor.","robots":{"index":"index","follow":"follow","max-snippet":"max-snippet:-1","max-image-preview":"max-image-preview:large","max-video-preview":"max-video-preview:-1"},"canonical":"https:\/\/www.moodnatural.com\/ca\/2015\/09\/28\/nostra-pell-davant-tardor\/","og_locale":"ca_ES","og_type":"article","og_title":"Cuidar la pell a la Tardor - Mood Natural","og_description":"S'acaba l'estiu i tornem a la rutina. S'acosta el fred i aix\u00ed com adaptem la nostra roba al nou clima tamb\u00e9 hem de cuidar la pell a la tardor.","og_url":"https:\/\/www.moodnatural.com\/ca\/2015\/09\/28\/nostra-pell-davant-tardor\/","og_site_name":"Mood Natural","article_published_time":"2015-09-28T11:22:09+00:00","article_modified_time":"2020-01-03T14:42:58+00:00","og_image":[{"width":1024,"height":1024,"url":"https:\/\/www.moodnatural.com\/wp-content\/uploads\/2017\/08\/30-Mood-Natural-Abril-2015-003-1024x1024.jpg","type":"image\/jpeg"}],"author":"jordi","twitter_card":"summary_large_image","twitter_misc":{"Escrit per":"jordi","Temps estimat de lectura":"3 minuts"},"schema":{"@context":"https:\/\/schema.org","@graph":[{"@type":"Article","@id":"https:\/\/www.moodnatural.com\/ca\/2015\/09\/28\/nostra-pell-davant-tardor\/#article","isPartOf":{"@id":"https:\/\/www.moodnatural.com\/ca\/2015\/09\/28\/nostra-pell-davant-tardor\/"},"author":{"name":"jordi","@id":"https:\/\/www.moodnatural.com\/ca\/#\/schema\/person\/1c544f5ff43b5d545961cda75f0266f2"},"headline":"Cuidar la pell a la Tardor","datePublished":"2015-09-28T11:22:09+00:00","dateModified":"2020-01-03T14:42:58+00:00","mainEntityOfPage":{"@id":"https:\/\/www.moodnatural.com\/ca\/2015\/09\/28\/nostra-pell-davant-tardor\/"},"wordCount":607,"publisher":{"@id":"https:\/\/www.moodnatural.com\/ca\/#organization"},"image":{"@id":"https:\/\/www.moodnatural.com\/ca\/2015\/09\/28\/nostra-pell-davant-tardor\/#primaryimage"},"thumbnailUrl":"https:\/\/www.moodnatural.com\/wp-content\/uploads\/2017\/08\/30-Mood-Natural-Abril-2015-003-1024x1024.jpg","keywords":["body milk","cosm\u00e8tica","Cosm\u00e8tica mediterr\u00e0nia","cosm\u00e8tica natural","cosm\u00e8tica natural barcelona","cosm\u00e8tica per esportistes","crema facial SPF20","crema hidratant de dia","ingredients actius naturals"],"articleSection":["Pell"],"inLanguage":"ca"},{"@type":"WebPage","@id":"https:\/\/www.moodnatural.com\/ca\/2015\/09\/28\/nostra-pell-davant-tardor\/","url":"https:\/\/www.moodnatural.com\/ca\/2015\/09\/28\/nostra-pell-davant-tardor\/","name":"Cuidar la pell a la Tardor - Mood Natural","isPartOf":{"@id":"https:\/\/www.moodnatural.com\/ca\/#website"},"primaryImageOfPage":{"@id":"https:\/\/www.moodnatural.com\/ca\/2015\/09\/28\/nostra-pell-davant-tardor\/#primaryimage"},"image":{"@id":"https:\/\/www.moodnatural.com\/ca\/2015\/09\/28\/nostra-pell-davant-tardor\/#primaryimage"},"thumbnailUrl":"https:\/\/www.moodnatural.com\/wp-content\/uploads\/2017\/08\/30-Mood-Natural-Abril-2015-003-1024x1024.jpg","datePublished":"2015-09-28T11:22:09+00:00","dateModified":"2020-01-03T14:42:58+00:00","description":"S'acaba l'estiu i tornem a la rutina. S'acosta el fred i aix\u00ed com adaptem la nostra roba al nou clima tamb\u00e9 hem de cuidar la pell a la tardor.","breadcrumb":{"@id":"https:\/\/www.moodnatural.com\/ca\/2015\/09\/28\/nostra-pell-davant-tardor\/#breadcrumb"},"inLanguage":"ca","potentialAction":[{"@type":"ReadAction","target":["https:\/\/www.moodnatural.com\/ca\/2015\/09\/28\/nostra-pell-davant-tardor\/"]}]},{"@type":"ImageObject","inLanguage":"ca","@id":"https:\/\/www.moodnatural.com\/ca\/2015\/09\/28\/nostra-pell-davant-tardor\/#primaryimage","url":"https:\/\/www.moodnatural.com\/wp-content\/uploads\/2017\/08\/30-Mood-Natural-Abril-2015-003-1024x1024.jpg","contentUrl":"https:\/\/www.moodnatural.com\/wp-content\/uploads\/2017\/08\/30-Mood-Natural-Abril-2015-003-1024x1024.jpg","width":1024,"height":1024},{"@type":"BreadcrumbList","@id":"https:\/\/www.moodnatural.com\/ca\/2015\/09\/28\/nostra-pell-davant-tardor\/#breadcrumb","itemListElement":[{"@type":"ListItem","position":1,"name":"Portada","item":"https:\/\/www.moodnatural.com\/ca\/"},{"@type":"ListItem","position":2,"name":"Cuidar la pell a la Tardor"}]},{"@type":"WebSite","@id":"https:\/\/www.moodnatural.com\/ca\/#website","url":"https:\/\/www.moodnatural.com\/ca\/","name":"Mood Natural","description":"Cosm\u00e9tica natural Barcelona","publisher":{"@id":"https:\/\/www.moodnatural.com\/ca\/#organization"},"potentialAction":[{"@type":"SearchAction","target":{"@type":"EntryPoint","urlTemplate":"https:\/\/www.moodnatural.com\/ca\/?s={search_term_string}"},"query-input":{"@type":"PropertyValueSpecification","valueRequired":true,"valueName":"search_term_string"}}],"inLanguage":"ca"},{"@type":"Organization","@id":"https:\/\/www.moodnatural.com\/ca\/#organization","name":"Mood Natural Barcelona","url":"https:\/\/www.moodnatural.com\/ca\/","logo":{"@type":"ImageObject","inLanguage":"ca","@id":"https:\/\/www.moodnatural.com\/ca\/#\/schema\/logo\/image\/","url":"https:\/\/www.moodnatural.com\/wp-content\/uploads\/2017\/09\/logo-moodbarcelona-55.png","contentUrl":"https:\/\/www.moodnatural.com\/wp-content\/uploads\/2017\/09\/logo-moodbarcelona-55.png","width":330,"height":55,"caption":"Mood Natural Barcelona"},"image":{"@id":"https:\/\/www.moodnatural.com\/ca\/#\/schema\/logo\/image\/"}},{"@type":"Person","@id":"https:\/\/www.moodnatural.com\/ca\/#\/schema\/person\/1c544f5ff43b5d545961cda75f0266f2","name":"jordi","image":{"@type":"ImageObject","inLanguage":"ca","@id":"https:\/\/www.moodnatural.com\/ca\/#\/schema\/person\/image\/","url":"https:\/\/secure.gravatar.com\/avatar\/64ee57f098f38572a60fac7cc89c1a4e8fc17a850ca53ae642e23623210fc671?s=96&d=mm&r=g","contentUrl":"https:\/\/secure.gravatar.com\/avatar\/64ee57f098f38572a60fac7cc89c1a4e8fc17a850ca53ae642e23623210fc671?s=96&d=mm&r=g","caption":"jordi"}}]}},"_links":{"self":[{"href":"https:\/\/www.moodnatural.com\/ca\/wp-json\/wp\/v2\/posts\/599","targetHints":{"allow":["GET"]}}],"collection":[{"href":"https:\/\/www.moodnatural.com\/ca\/wp-json\/wp\/v2\/posts"}],"about":[{"href":"https:\/\/www.moodnatural.com\/ca\/wp-json\/wp\/v2\/types\/post"}],"author":[{"embeddable":true,"href":"https:\/\/www.moodnatural.com\/ca\/wp-json\/wp\/v2\/users\/1"}],"replies":[{"embeddable":true,"href":"https:\/\/www.moodnatural.com\/ca\/wp-json\/wp\/v2\/comments?post=599"}],"version-history":[{"count":0,"href":"https:\/\/www.moodnatural.com\/ca\/wp-json\/wp\/v2\/posts\/599\/revisions"}],"wp:featuredmedia":[{"embeddable":true,"href":"https:\/\/www.moodnatural.com\/ca\/wp-json\/wp\/v2\/media\/600"}],"wp:attachment":[{"href":"https:\/\/www.moodnatural.com\/ca\/wp-json\/wp\/v2\/media?parent=599"}],"wp:term":[{"taxonomy":"category","embeddable":true,"href":"https:\/\/www.moodnatural.com\/ca\/wp-json\/wp\/v2\/categories?post=599"},{"taxonomy":"post_tag","embeddable":true,"href":"https:\/\/www.moodnatural.com\/ca\/wp-json\/wp\/v2\/tags?post=599"}],"curies":[{"name":"wp","href":"https:\/\/api.w.org\/{rel}","templated":true}]}}