{"id":592,"date":"2015-08-22T12:15:45","date_gmt":"2015-08-22T11:15:45","guid":{"rendered":"http:\/\/milimetricserver.com\/moodnatural\/?p=592"},"modified":"2020-01-03T15:46:23","modified_gmt":"2020-01-03T14:46:23","slug":"olis-cura-cabell","status":"publish","type":"post","link":"https:\/\/www.moodnatural.com\/ca\/2015\/08\/22\/olis-cura-cabell\/","title":{"rendered":"Els olis en la cura del cabell"},"content":{"rendered":"<p>Els olis s\u00f3n un dels ingredients principals en la cosm\u00e8tica, tenen propietats dermatol\u00f2giques, aporten una alta hidrataci\u00f3 i penetren molt b\u00e9 a la nostra pell, donant-li elasticitat, suavitat i nutrici\u00f3, aportant una excel\u00b7lent cura pel nostre cos gr\u00e0cies al seu alt grau de riquesa en vitamines i antioxidants que ajuden a mantenir una pell saludable. Per\u00f2 els olis no nom\u00e9s s\u00f3n beneficiosos per la nostra pell, \u00faltimament se sent anomenar cada dia m\u00e9s l\u2019\u00fas dels olis per la cura del cabell, ja que restauren el cabell sec i en suavitzen la textura deixant un acabat espectacular.<\/p>\n<p>En anteriors posts hem vist els beneficis dels nostres s\u00e8rums Combo+ sobre la pell, per\u00f2 avui volem mostrar-te un \u00fas diferent dels nostres s\u00e8rums Combo+: per tenir cura del nostre cabell en funci\u00f3 dels olis que contenen.<\/p>\n<p>El cabell \u00e9s un cilindre llarg, molt organitzat, format per c\u00e8l\u00b7lules que s\u2019han disposat seguint una orientaci\u00f3 molt precisa i predeterminada, i formen una r\u00edgida estructura a nivell molecular capa\u00e7 d\u2019aportar alhora flexibilitat i gran resist\u00e8ncia mec\u00e0nica, aix\u00ed com les seves propietats f\u00edsiques i qu\u00edmiques (resist\u00e8ncia a l\u2019estirament, elasticitat, adsorci\u00f3 i permeabilitat). Entre aquestes propietats s\u2019hi troben les de la superf\u00edcie, ja que el cabell \u00e9s capa\u00e7 de tenir c\u00e0rrega el\u00e8ctrica amb la fricci\u00f3. La c\u00e0rrega dependr\u00e0 de dos factors: l\u2019estat de la superf\u00edcie del cabell (si t\u00e9 una capa pr\u00f2pia del s\u00e8u o si t\u00e9 algun film o capa de producte cosm\u00e8tic) i del grau d\u2019humitat. Un altre aspecte de gran import\u00e0ncia \u00e9s el comportament del cabell en relaci\u00f3 al pH, aspecte de gran import\u00e0ncia quan apliquem productes cosm\u00e8tics al cabell. Amb l\u2019\u00fas d\u2019olis es forma una pel\u00b7l\u00edcula sobre la fibra capil\u00b7lar que segella la fibra i evita que les c\u00e0rregues reaccionin, el que fa que el cabell sigui m\u00e9s manejable, suau, sense encrespament ni \u201cfrizz\u201d.<\/p>\n<p>Els olis protegeixen, hidraten i restauren fins i tot els cabells m\u00e9s danyats i aporten una brillantor addicional a l\u2019instant. Tot i que els nostres Combos+ han estat principalment dissenyats i formulats per la cura de la pell, la seva combinaci\u00f3 d\u2019olis tamb\u00e9 poden aportar beneficis a la cura del cabell. El nostre s\u00e8rum <a href=\"https:\/\/www.moodnatural.com\/ca\/producte\/serum-combo-regenera-regenerador-i-antiedat\/\">Combo Regenera+<\/a>\u00a0amb oli d\u2019arg\u00e0nia, oli de rosa mosqueta i oli de pastanaga i el s\u00e8rum\u00a0<a href=\"https:\/\/www.moodnatural.com\/ca\/producte\/serum-combo-hidra-hidratant\/\">Combo Hidra+<\/a>\u00a0amb oli d\u2019oliva, oli d\u2019ametlles dolces i oli de borratja s\u00f3n ideals per la cura del cabell. L\u2019ideal \u00e9s aplicar-los quan les puntes estan m\u00e9s seques i danyades o sobre el cabell sense vida. Tamb\u00e9 t\u2019aniran b\u00e9 si tens tend\u00e8ncia al \u201cfrizz\u201d o encrespament ja que \u00e9s un signe que el teu cabell necessita una cura especial d\u2019hidrataci\u00f3.<\/p>\n<p>Els olis s\u00f3n molt f\u00e0cils d\u2019aplicar. Si el teu cabell necessita molta nutrici\u00f3, aplica\u2019ls sobre el cabell moll; si el que vols \u00e9s tenir m\u00e9s brillantor i evitar l\u2019encrespament, aplica\u2019ls quan estigui sec. Amb dues aplicacions sobre el palmell de la m\u00e0, frega-ho perqu\u00e8 s\u2019escalfi i penetri millor. S\u2019aplica de la meitat cap a les puntes. No s\u2019apliquen sobre les arrels perqu\u00e8 aquestes ja generen el seu propi greix de forma natural.<\/p>\n<p><strong>Pren-te el teu temps per cuidar-te, per sentir-te b\u00e9, per sentir-te Mood!<\/strong><\/p>\n","protected":false},"excerpt":{"rendered":"<p>Els olis s\u00f3n un dels ingredients principals en la cosm\u00e8tica, tenen propietats dermatol\u00f2giques, aporten una alta hidrataci\u00f3 i penetren molt b\u00e9 a la nostra pell, donant-li elasticitat, suavitat i nutrici\u00f3,<\/p>\n","protected":false},"author":1,"featured_media":593,"comment_status":"closed","ping_status":"closed","sticky":false,"template":"","format":"standard","meta":{"_acf_changed":false,"footnotes":""},"categories":[4],"tags":[45,117,118,19,20,119,92,120],"class_list":["post-592","post","type-post","status-publish","format-standard","has-post-thumbnail","hentry","category-cos","tag-barcelona","tag-cabell","tag-cura-del-cabell","tag-mood-natural","tag-mood-natural-barcelona","tag-olis","tag-olis-essencials","tag-olis-vegetals"],"acf":[],"yoast_head":"<!-- This site is optimized with the Yoast SEO plugin v24.7 - https:\/\/yoast.com\/wordpress\/plugins\/seo\/ -->\n<title>Els olis en la cura del cabell - Mood Natural<\/title>\n<meta name=\"description\" content=\"Los olis son un dels ingredients principals en la cosm\u00e9tica i poden ser claus per la cura del cabell. Descobreix com en aquest article.\" \/>\n<meta name=\"robots\" content=\"index, follow, max-snippet:-1, max-image-preview:large, max-video-preview:-1\" \/>\n<link rel=\"canonical\" href=\"https:\/\/www.moodnatural.com\/ca\/2015\/08\/22\/olis-cura-cabell\/\" \/>\n<meta property=\"og:locale\" content=\"ca_ES\" \/>\n<meta property=\"og:type\" content=\"article\" \/>\n<meta property=\"og:title\" content=\"Els olis en la cura del cabell - Mood Natural\" \/>\n<meta property=\"og:description\" content=\"Los olis son un dels ingredients principals en la cosm\u00e9tica i poden ser claus per la cura del cabell. Descobreix com en aquest article.\" \/>\n<meta property=\"og:url\" content=\"https:\/\/www.moodnatural.com\/ca\/2015\/08\/22\/olis-cura-cabell\/\" \/>\n<meta property=\"og:site_name\" content=\"Mood Natural\" \/>\n<meta property=\"article:published_time\" content=\"2015-08-22T11:15:45+00:00\" \/>\n<meta property=\"article:modified_time\" content=\"2020-01-03T14:46:23+00:00\" \/>\n<meta property=\"og:image\" content=\"https:\/\/www.moodnatural.com\/wp-content\/uploads\/2017\/08\/28-MNB-POST-BLOC1.jpg\" \/>\n\t<meta property=\"og:image:width\" content=\"700\" \/>\n\t<meta property=\"og:image:height\" content=\"466\" \/>\n\t<meta property=\"og:image:type\" content=\"image\/jpeg\" \/>\n<meta name=\"author\" content=\"jordi\" \/>\n<meta name=\"twitter:card\" content=\"summary_large_image\" \/>\n<meta name=\"twitter:label1\" content=\"Escrit per\" \/>\n\t<meta name=\"twitter:data1\" content=\"jordi\" \/>\n\t<meta name=\"twitter:label2\" content=\"Temps estimat de lectura\" \/>\n\t<meta name=\"twitter:data2\" content=\"3 minuts\" \/>\n<script type=\"application\/ld+json\" class=\"yoast-schema-graph\">{\"@context\":\"https:\/\/schema.org\",\"@graph\":[{\"@type\":\"Article\",\"@id\":\"https:\/\/www.moodnatural.com\/ca\/2015\/08\/22\/olis-cura-cabell\/#article\",\"isPartOf\":{\"@id\":\"https:\/\/www.moodnatural.com\/ca\/2015\/08\/22\/olis-cura-cabell\/\"},\"author\":{\"name\":\"jordi\",\"@id\":\"https:\/\/www.moodnatural.com\/ca\/#\/schema\/person\/1c544f5ff43b5d545961cda75f0266f2\"},\"headline\":\"Els olis en la cura del cabell\",\"datePublished\":\"2015-08-22T11:15:45+00:00\",\"dateModified\":\"2020-01-03T14:46:23+00:00\",\"mainEntityOfPage\":{\"@id\":\"https:\/\/www.moodnatural.com\/ca\/2015\/08\/22\/olis-cura-cabell\/\"},\"wordCount\":589,\"publisher\":{\"@id\":\"https:\/\/www.moodnatural.com\/ca\/#organization\"},\"image\":{\"@id\":\"https:\/\/www.moodnatural.com\/ca\/2015\/08\/22\/olis-cura-cabell\/#primaryimage\"},\"thumbnailUrl\":\"https:\/\/www.moodnatural.com\/wp-content\/uploads\/2017\/08\/28-MNB-POST-BLOC1.jpg\",\"keywords\":[\"barcelona\",\"cabell\",\"cura del cabell\",\"mood natural\",\"mood natural barcelona\",\"olis\",\"olis essencials\",\"olis vegetals\"],\"articleSection\":[\"Cos\"],\"inLanguage\":\"ca\"},{\"@type\":\"WebPage\",\"@id\":\"https:\/\/www.moodnatural.com\/ca\/2015\/08\/22\/olis-cura-cabell\/\",\"url\":\"https:\/\/www.moodnatural.com\/ca\/2015\/08\/22\/olis-cura-cabell\/\",\"name\":\"Els olis en la cura del cabell - Mood Natural\",\"isPartOf\":{\"@id\":\"https:\/\/www.moodnatural.com\/ca\/#website\"},\"primaryImageOfPage\":{\"@id\":\"https:\/\/www.moodnatural.com\/ca\/2015\/08\/22\/olis-cura-cabell\/#primaryimage\"},\"image\":{\"@id\":\"https:\/\/www.moodnatural.com\/ca\/2015\/08\/22\/olis-cura-cabell\/#primaryimage\"},\"thumbnailUrl\":\"https:\/\/www.moodnatural.com\/wp-content\/uploads\/2017\/08\/28-MNB-POST-BLOC1.jpg\",\"datePublished\":\"2015-08-22T11:15:45+00:00\",\"dateModified\":\"2020-01-03T14:46:23+00:00\",\"description\":\"Los olis son un dels ingredients principals en la cosm\u00e9tica i poden ser claus per la cura del cabell. Descobreix com en aquest article.\",\"breadcrumb\":{\"@id\":\"https:\/\/www.moodnatural.com\/ca\/2015\/08\/22\/olis-cura-cabell\/#breadcrumb\"},\"inLanguage\":\"ca\",\"potentialAction\":[{\"@type\":\"ReadAction\",\"target\":[\"https:\/\/www.moodnatural.com\/ca\/2015\/08\/22\/olis-cura-cabell\/\"]}]},{\"@type\":\"ImageObject\",\"inLanguage\":\"ca\",\"@id\":\"https:\/\/www.moodnatural.com\/ca\/2015\/08\/22\/olis-cura-cabell\/#primaryimage\",\"url\":\"https:\/\/www.moodnatural.com\/wp-content\/uploads\/2017\/08\/28-MNB-POST-BLOC1.jpg\",\"contentUrl\":\"https:\/\/www.moodnatural.com\/wp-content\/uploads\/2017\/08\/28-MNB-POST-BLOC1.jpg\",\"width\":700,\"height\":466},{\"@type\":\"BreadcrumbList\",\"@id\":\"https:\/\/www.moodnatural.com\/ca\/2015\/08\/22\/olis-cura-cabell\/#breadcrumb\",\"itemListElement\":[{\"@type\":\"ListItem\",\"position\":1,\"name\":\"Portada\",\"item\":\"https:\/\/www.moodnatural.com\/ca\/\"},{\"@type\":\"ListItem\",\"position\":2,\"name\":\"Els olis en la cura del cabell\"}]},{\"@type\":\"WebSite\",\"@id\":\"https:\/\/www.moodnatural.com\/ca\/#website\",\"url\":\"https:\/\/www.moodnatural.com\/ca\/\",\"name\":\"Mood Natural\",\"description\":\"Cosm\u00e9tica natural Barcelona\",\"publisher\":{\"@id\":\"https:\/\/www.moodnatural.com\/ca\/#organization\"},\"potentialAction\":[{\"@type\":\"SearchAction\",\"target\":{\"@type\":\"EntryPoint\",\"urlTemplate\":\"https:\/\/www.moodnatural.com\/ca\/?s={search_term_string}\"},\"query-input\":{\"@type\":\"PropertyValueSpecification\",\"valueRequired\":true,\"valueName\":\"search_term_string\"}}],\"inLanguage\":\"ca\"},{\"@type\":\"Organization\",\"@id\":\"https:\/\/www.moodnatural.com\/ca\/#organization\",\"name\":\"Mood Natural Barcelona\",\"url\":\"https:\/\/www.moodnatural.com\/ca\/\",\"logo\":{\"@type\":\"ImageObject\",\"inLanguage\":\"ca\",\"@id\":\"https:\/\/www.moodnatural.com\/ca\/#\/schema\/logo\/image\/\",\"url\":\"https:\/\/www.moodnatural.com\/wp-content\/uploads\/2017\/09\/logo-moodbarcelona-55.png\",\"contentUrl\":\"https:\/\/www.moodnatural.com\/wp-content\/uploads\/2017\/09\/logo-moodbarcelona-55.png\",\"width\":330,\"height\":55,\"caption\":\"Mood Natural Barcelona\"},\"image\":{\"@id\":\"https:\/\/www.moodnatural.com\/ca\/#\/schema\/logo\/image\/\"}},{\"@type\":\"Person\",\"@id\":\"https:\/\/www.moodnatural.com\/ca\/#\/schema\/person\/1c544f5ff43b5d545961cda75f0266f2\",\"name\":\"jordi\",\"image\":{\"@type\":\"ImageObject\",\"inLanguage\":\"ca\",\"@id\":\"https:\/\/www.moodnatural.com\/ca\/#\/schema\/person\/image\/\",\"url\":\"https:\/\/secure.gravatar.com\/avatar\/64ee57f098f38572a60fac7cc89c1a4e8fc17a850ca53ae642e23623210fc671?s=96&d=mm&r=g\",\"contentUrl\":\"https:\/\/secure.gravatar.com\/avatar\/64ee57f098f38572a60fac7cc89c1a4e8fc17a850ca53ae642e23623210fc671?s=96&d=mm&r=g\",\"caption\":\"jordi\"}}]}<\/script>\n<!-- \/ Yoast SEO plugin. -->","yoast_head_json":{"title":"Els olis en la cura del cabell - Mood Natural","description":"Los olis son un dels ingredients principals en la cosm\u00e9tica i poden ser claus per la cura del cabell. Descobreix com en aquest article.","robots":{"index":"index","follow":"follow","max-snippet":"max-snippet:-1","max-image-preview":"max-image-preview:large","max-video-preview":"max-video-preview:-1"},"canonical":"https:\/\/www.moodnatural.com\/ca\/2015\/08\/22\/olis-cura-cabell\/","og_locale":"ca_ES","og_type":"article","og_title":"Els olis en la cura del cabell - Mood Natural","og_description":"Los olis son un dels ingredients principals en la cosm\u00e9tica i poden ser claus per la cura del cabell. Descobreix com en aquest article.","og_url":"https:\/\/www.moodnatural.com\/ca\/2015\/08\/22\/olis-cura-cabell\/","og_site_name":"Mood Natural","article_published_time":"2015-08-22T11:15:45+00:00","article_modified_time":"2020-01-03T14:46:23+00:00","og_image":[{"width":700,"height":466,"url":"https:\/\/www.moodnatural.com\/wp-content\/uploads\/2017\/08\/28-MNB-POST-BLOC1.jpg","type":"image\/jpeg"}],"author":"jordi","twitter_card":"summary_large_image","twitter_misc":{"Escrit per":"jordi","Temps estimat de lectura":"3 minuts"},"schema":{"@context":"https:\/\/schema.org","@graph":[{"@type":"Article","@id":"https:\/\/www.moodnatural.com\/ca\/2015\/08\/22\/olis-cura-cabell\/#article","isPartOf":{"@id":"https:\/\/www.moodnatural.com\/ca\/2015\/08\/22\/olis-cura-cabell\/"},"author":{"name":"jordi","@id":"https:\/\/www.moodnatural.com\/ca\/#\/schema\/person\/1c544f5ff43b5d545961cda75f0266f2"},"headline":"Els olis en la cura del cabell","datePublished":"2015-08-22T11:15:45+00:00","dateModified":"2020-01-03T14:46:23+00:00","mainEntityOfPage":{"@id":"https:\/\/www.moodnatural.com\/ca\/2015\/08\/22\/olis-cura-cabell\/"},"wordCount":589,"publisher":{"@id":"https:\/\/www.moodnatural.com\/ca\/#organization"},"image":{"@id":"https:\/\/www.moodnatural.com\/ca\/2015\/08\/22\/olis-cura-cabell\/#primaryimage"},"thumbnailUrl":"https:\/\/www.moodnatural.com\/wp-content\/uploads\/2017\/08\/28-MNB-POST-BLOC1.jpg","keywords":["barcelona","cabell","cura del cabell","mood natural","mood natural barcelona","olis","olis essencials","olis vegetals"],"articleSection":["Cos"],"inLanguage":"ca"},{"@type":"WebPage","@id":"https:\/\/www.moodnatural.com\/ca\/2015\/08\/22\/olis-cura-cabell\/","url":"https:\/\/www.moodnatural.com\/ca\/2015\/08\/22\/olis-cura-cabell\/","name":"Els olis en la cura del cabell - Mood Natural","isPartOf":{"@id":"https:\/\/www.moodnatural.com\/ca\/#website"},"primaryImageOfPage":{"@id":"https:\/\/www.moodnatural.com\/ca\/2015\/08\/22\/olis-cura-cabell\/#primaryimage"},"image":{"@id":"https:\/\/www.moodnatural.com\/ca\/2015\/08\/22\/olis-cura-cabell\/#primaryimage"},"thumbnailUrl":"https:\/\/www.moodnatural.com\/wp-content\/uploads\/2017\/08\/28-MNB-POST-BLOC1.jpg","datePublished":"2015-08-22T11:15:45+00:00","dateModified":"2020-01-03T14:46:23+00:00","description":"Los olis son un dels ingredients principals en la cosm\u00e9tica i poden ser claus per la cura del cabell. Descobreix com en aquest article.","breadcrumb":{"@id":"https:\/\/www.moodnatural.com\/ca\/2015\/08\/22\/olis-cura-cabell\/#breadcrumb"},"inLanguage":"ca","potentialAction":[{"@type":"ReadAction","target":["https:\/\/www.moodnatural.com\/ca\/2015\/08\/22\/olis-cura-cabell\/"]}]},{"@type":"ImageObject","inLanguage":"ca","@id":"https:\/\/www.moodnatural.com\/ca\/2015\/08\/22\/olis-cura-cabell\/#primaryimage","url":"https:\/\/www.moodnatural.com\/wp-content\/uploads\/2017\/08\/28-MNB-POST-BLOC1.jpg","contentUrl":"https:\/\/www.moodnatural.com\/wp-content\/uploads\/2017\/08\/28-MNB-POST-BLOC1.jpg","width":700,"height":466},{"@type":"BreadcrumbList","@id":"https:\/\/www.moodnatural.com\/ca\/2015\/08\/22\/olis-cura-cabell\/#breadcrumb","itemListElement":[{"@type":"ListItem","position":1,"name":"Portada","item":"https:\/\/www.moodnatural.com\/ca\/"},{"@type":"ListItem","position":2,"name":"Els olis en la cura del cabell"}]},{"@type":"WebSite","@id":"https:\/\/www.moodnatural.com\/ca\/#website","url":"https:\/\/www.moodnatural.com\/ca\/","name":"Mood Natural","description":"Cosm\u00e9tica natural Barcelona","publisher":{"@id":"https:\/\/www.moodnatural.com\/ca\/#organization"},"potentialAction":[{"@type":"SearchAction","target":{"@type":"EntryPoint","urlTemplate":"https:\/\/www.moodnatural.com\/ca\/?s={search_term_string}"},"query-input":{"@type":"PropertyValueSpecification","valueRequired":true,"valueName":"search_term_string"}}],"inLanguage":"ca"},{"@type":"Organization","@id":"https:\/\/www.moodnatural.com\/ca\/#organization","name":"Mood Natural Barcelona","url":"https:\/\/www.moodnatural.com\/ca\/","logo":{"@type":"ImageObject","inLanguage":"ca","@id":"https:\/\/www.moodnatural.com\/ca\/#\/schema\/logo\/image\/","url":"https:\/\/www.moodnatural.com\/wp-content\/uploads\/2017\/09\/logo-moodbarcelona-55.png","contentUrl":"https:\/\/www.moodnatural.com\/wp-content\/uploads\/2017\/09\/logo-moodbarcelona-55.png","width":330,"height":55,"caption":"Mood Natural Barcelona"},"image":{"@id":"https:\/\/www.moodnatural.com\/ca\/#\/schema\/logo\/image\/"}},{"@type":"Person","@id":"https:\/\/www.moodnatural.com\/ca\/#\/schema\/person\/1c544f5ff43b5d545961cda75f0266f2","name":"jordi","image":{"@type":"ImageObject","inLanguage":"ca","@id":"https:\/\/www.moodnatural.com\/ca\/#\/schema\/person\/image\/","url":"https:\/\/secure.gravatar.com\/avatar\/64ee57f098f38572a60fac7cc89c1a4e8fc17a850ca53ae642e23623210fc671?s=96&d=mm&r=g","contentUrl":"https:\/\/secure.gravatar.com\/avatar\/64ee57f098f38572a60fac7cc89c1a4e8fc17a850ca53ae642e23623210fc671?s=96&d=mm&r=g","caption":"jordi"}}]}},"_links":{"self":[{"href":"https:\/\/www.moodnatural.com\/ca\/wp-json\/wp\/v2\/posts\/592","targetHints":{"allow":["GET"]}}],"collection":[{"href":"https:\/\/www.moodnatural.com\/ca\/wp-json\/wp\/v2\/posts"}],"about":[{"href":"https:\/\/www.moodnatural.com\/ca\/wp-json\/wp\/v2\/types\/post"}],"author":[{"embeddable":true,"href":"https:\/\/www.moodnatural.com\/ca\/wp-json\/wp\/v2\/users\/1"}],"replies":[{"embeddable":true,"href":"https:\/\/www.moodnatural.com\/ca\/wp-json\/wp\/v2\/comments?post=592"}],"version-history":[{"count":0,"href":"https:\/\/www.moodnatural.com\/ca\/wp-json\/wp\/v2\/posts\/592\/revisions"}],"wp:featuredmedia":[{"embeddable":true,"href":"https:\/\/www.moodnatural.com\/ca\/wp-json\/wp\/v2\/media\/593"}],"wp:attachment":[{"href":"https:\/\/www.moodnatural.com\/ca\/wp-json\/wp\/v2\/media?parent=592"}],"wp:term":[{"taxonomy":"category","embeddable":true,"href":"https:\/\/www.moodnatural.com\/ca\/wp-json\/wp\/v2\/categories?post=592"},{"taxonomy":"post_tag","embeddable":true,"href":"https:\/\/www.moodnatural.com\/ca\/wp-json\/wp\/v2\/tags?post=592"}],"curies":[{"name":"wp","href":"https:\/\/api.w.org\/{rel}","templated":true}]}}