{"id":586,"date":"2015-07-31T12:10:05","date_gmt":"2015-07-31T11:10:05","guid":{"rendered":"http:\/\/milimetricserver.com\/moodnatural\/?p=586"},"modified":"2020-01-03T15:51:09","modified_gmt":"2020-01-03T14:51:09","slug":"cuida-pell-despres-dun-dia-platja","status":"publish","type":"post","link":"https:\/\/www.moodnatural.com\/ca\/2015\/07\/31\/cuida-pell-despres-dun-dia-platja\/","title":{"rendered":"Cura de la pell despr\u00e9s d\u2019un dia de platja"},"content":{"rendered":"<p>Arriba\u00a0el cap de setmana i el moment de sortir a la platja i gaudir el dia sota el sol. Per\u00f2 en tornar a casa pots notar que la teva pell no se sent igual, es pot sentir una mica seca i tibant, a causa de l\u2019exposici\u00f3 al sol, perqu\u00e8 encara que utilitzem un protector solar adequat al nostre tipus de pell i ho apliquem de forma adequada, cal tenir\u00a0una cura especial amb\u00a0la nostra pell despr\u00e9s d\u2019aquest dia de diversi\u00f3.<\/p>\n<p><em><strong>A\u00a0MOOD NATURAL BARCELONA, t\u2019oferim una combinaci\u00f3 perfecta de productes que faran que tu i la teva pell us sentiu com a noves, amb una rutina que far\u00e0 que acabis el teu dia com en un spa.<\/strong><\/em><\/p>\n<p>En arribar a casa \u00e9s important prendre\u00a0un bany refrescant, per eliminar la sorra, l\u2019aigua salada i impureses de la nostra pell, amb un gel de dutxa que mimi la teva pell, amb agents detergents adequats que no la ressequin encara m\u00e9s o s\u2019eliminin en exc\u00e9s la capa lip\u00eddica de la mateixa. Tot aix\u00f2 ho pots aconseguir amb el nostre shower gel, que a m\u00e9s de netejar, respecta i mima la teva pell contribuint a millorar el teu estat d\u2019\u00e0nim, respectant la capa lip\u00eddica de la pell, a m\u00e9s cont\u00e9 actius hidratants, antioxidants i regeneradors que promouen el bon humor embolcallant-te\u00a0amb una agradable aroma i suau textura.<\/p>\n<p>Despr\u00e9s de la dutxa \u00e9s important tornar-li a la teva pell el que ha perdut amb el sol, de manera que a\u00a0MOOD NATURAL BARCELONA t\u2019oferim 3 productes ideals, el nostre BODY MILK i els nostres s\u00e8rums Combo REGENERA +\u00a0 i HIDRA +.<\/p>\n<p>El nostre\u00a0<a href=\"https:\/\/www.moodnatural.com\/ca\/producte\/llet-corporal-hidratant\/\">BODY MILK<\/a>\u00a0cont\u00e9 emol\u00b7lients que al mateix temps d\u2019aportar una excel\u00b7lent extensibilitat al producte, tenen la capacitat de formar una pel\u00b7l\u00edcula sobre la pell evitant la p\u00e8rdua d\u2019aigua transepid\u00e8rmica, a m\u00e9s d\u2019agents humectants capa\u00e7os d\u2019absorbir l\u2019aigua del medi ambient i mantenir-la en la nostra pell. Amb un ingredient que \u00e9s capa\u00e7 de promoure la funci\u00f3 de barrera de la nostra pell fent que la mateixa es rehidrati constantment de forma r\u00e0pida i natural amb propietats calmants que protegeixen la pell de qualsevol irritaci\u00f3 i perqu\u00e8 gaudeixis encara m\u00e9s dels teus dies de platja sense preocupacions incorporem un extracte natural que retarda l\u2019aparici\u00f3 del borrissol corporal.<\/p>\n<p>I amb els nostres s\u00e8rums\u00a0Combo utilitzem el poder dels olis per tornar-li a la pell el que ha perdut, amb el nostre s\u00e8rum <a href=\"https:\/\/www.moodnatural.com\/ca\/producte\/serum-combo-hidra-hidratant\/\">COMBO HIDRA <\/a>+ gaudeix dels beneficis de l\u2019oli d\u2019oliva, oli d\u2019ametlles dolces i oli de borratja en la teva pell. L\u2019oli d\u2019oliva, ric en fitosterols i glicol\u00edpids, reposa els l\u00edpids perduts de la pell i restaura la seva elasticitat i la seva flexibilitat. L\u2019oli d\u2019ametlles dolces amb una suau eleg\u00e0ncia, proporciona hidrataci\u00f3 i disminueix la irritaci\u00f3. I l\u2019oli de borratja ric en omega 3 i omega 6, emolient i calmant, perfecte per a un massatge corporal i a\u00a0les espatlles. I amb el s\u00e8rum <a href=\"https:\/\/www.moodnatural.com\/ca\/producte\/serum-combo-regenera-regenerador-i-antiedat\/\">COMBO REGENERA <\/a>+ pots gaudir d\u2019una barreja ex\u00f2tica en la teva pell amb una combinaci\u00f3 d\u2019oli d\u2019arg\u00e0nia, oli de rosa mosqueta i oli de pastanaga, perfecte per a aquestes zones de la pell on hem\u00a0rebut els raigs del sol de manera m\u00e9s directa, com la cara i les espatlles, on podr\u00e0s gaudir dels beneficis de regeneraci\u00f3, nutrici\u00f3 de la pell i eliminaci\u00f3 d\u2019arrugues.<\/p>\n<p>Amb aquesta rutina tindrem cura de la nostra pell i l&#8217;ajudem a recuperar-se i a evitar l\u2019envelliment prematur causat principalment pels raigs del sol.<\/p>\n<h4>Atreveix-te a gaudir del <strong>SUMMER MOOD<\/strong><br \/>\namb\u00a0<strong><a href=\"https:\/\/www.moodnatural.com\/ca\/\">MOOD NATURAL BARCELONA<\/a><\/strong>.<\/h4>\n","protected":false},"excerpt":{"rendered":"<p>Arriba\u00a0el cap de setmana i el moment de sortir a la platja i gaudir el dia sota el sol. Per\u00f2 en tornar a casa pots notar que la teva pell<\/p>\n","protected":false},"author":1,"featured_media":587,"comment_status":"closed","ping_status":"closed","sticky":false,"template":"","format":"standard","meta":{"_acf_changed":false,"footnotes":""},"categories":[1],"tags":[45,19,20,37,114,115,112],"class_list":["post-586","post","type-post","status-publish","format-standard","has-post-thumbnail","hentry","category-pell","tag-barcelona","tag-mood-natural","tag-mood-natural-barcelona","tag-pell","tag-platja","tag-skin","tag-summer-mood"],"acf":[],"yoast_head":"<!-- This site is optimized with the Yoast SEO plugin v24.7 - https:\/\/yoast.com\/wordpress\/plugins\/seo\/ -->\n<title>Cura de la pell despr\u00e9s d\u2019un dia de platja - Mood Natural<\/title>\n<meta name=\"description\" content=\"Si \u00e9s estiu i vas a la platja descobrir\u00e0s que la teva pell es ressent. Cal tenir una cura especial de la pell despr\u00e9s de la platja. Descobreix-ho al bloc.\" \/>\n<meta name=\"robots\" content=\"index, follow, max-snippet:-1, max-image-preview:large, max-video-preview:-1\" \/>\n<link rel=\"canonical\" href=\"https:\/\/www.moodnatural.com\/ca\/2015\/07\/31\/cuida-pell-despres-dun-dia-platja\/\" \/>\n<meta property=\"og:locale\" content=\"ca_ES\" \/>\n<meta property=\"og:type\" content=\"article\" \/>\n<meta property=\"og:title\" content=\"Cura de la pell despr\u00e9s d\u2019un dia de platja - Mood Natural\" \/>\n<meta property=\"og:description\" content=\"Si \u00e9s estiu i vas a la platja descobrir\u00e0s que la teva pell es ressent. Cal tenir una cura especial de la pell despr\u00e9s de la platja. Descobreix-ho al bloc.\" \/>\n<meta property=\"og:url\" content=\"https:\/\/www.moodnatural.com\/ca\/2015\/07\/31\/cuida-pell-despres-dun-dia-platja\/\" \/>\n<meta property=\"og:site_name\" content=\"Mood Natural\" \/>\n<meta property=\"article:published_time\" content=\"2015-07-31T11:10:05+00:00\" \/>\n<meta property=\"article:modified_time\" content=\"2020-01-03T14:51:09+00:00\" \/>\n<meta property=\"og:image\" content=\"https:\/\/www.moodnatural.com\/wp-content\/uploads\/2017\/08\/26-image1.jpg\" \/>\n\t<meta property=\"og:image:width\" content=\"633\" \/>\n\t<meta property=\"og:image:height\" content=\"620\" \/>\n\t<meta property=\"og:image:type\" content=\"image\/jpeg\" \/>\n<meta name=\"author\" content=\"jordi\" \/>\n<meta name=\"twitter:card\" content=\"summary_large_image\" \/>\n<meta name=\"twitter:label1\" content=\"Escrit per\" \/>\n\t<meta name=\"twitter:data1\" content=\"jordi\" \/>\n\t<meta name=\"twitter:label2\" content=\"Temps estimat de lectura\" \/>\n\t<meta name=\"twitter:data2\" content=\"3 minuts\" \/>\n<script type=\"application\/ld+json\" class=\"yoast-schema-graph\">{\"@context\":\"https:\/\/schema.org\",\"@graph\":[{\"@type\":\"Article\",\"@id\":\"https:\/\/www.moodnatural.com\/ca\/2015\/07\/31\/cuida-pell-despres-dun-dia-platja\/#article\",\"isPartOf\":{\"@id\":\"https:\/\/www.moodnatural.com\/ca\/2015\/07\/31\/cuida-pell-despres-dun-dia-platja\/\"},\"author\":{\"name\":\"jordi\",\"@id\":\"https:\/\/www.moodnatural.com\/ca\/#\/schema\/person\/1c544f5ff43b5d545961cda75f0266f2\"},\"headline\":\"Cura de la pell despr\u00e9s d\u2019un dia de platja\",\"datePublished\":\"2015-07-31T11:10:05+00:00\",\"dateModified\":\"2020-01-03T14:51:09+00:00\",\"mainEntityOfPage\":{\"@id\":\"https:\/\/www.moodnatural.com\/ca\/2015\/07\/31\/cuida-pell-despres-dun-dia-platja\/\"},\"wordCount\":642,\"publisher\":{\"@id\":\"https:\/\/www.moodnatural.com\/ca\/#organization\"},\"image\":{\"@id\":\"https:\/\/www.moodnatural.com\/ca\/2015\/07\/31\/cuida-pell-despres-dun-dia-platja\/#primaryimage\"},\"thumbnailUrl\":\"https:\/\/www.moodnatural.com\/wp-content\/uploads\/2017\/08\/26-image1.jpg\",\"keywords\":[\"barcelona\",\"mood natural\",\"mood natural barcelona\",\"pell\",\"platja\",\"skin\",\"summer mood\"],\"articleSection\":[\"Pell\"],\"inLanguage\":\"ca\"},{\"@type\":\"WebPage\",\"@id\":\"https:\/\/www.moodnatural.com\/ca\/2015\/07\/31\/cuida-pell-despres-dun-dia-platja\/\",\"url\":\"https:\/\/www.moodnatural.com\/ca\/2015\/07\/31\/cuida-pell-despres-dun-dia-platja\/\",\"name\":\"Cura de la pell despr\u00e9s d\u2019un dia de platja - Mood Natural\",\"isPartOf\":{\"@id\":\"https:\/\/www.moodnatural.com\/ca\/#website\"},\"primaryImageOfPage\":{\"@id\":\"https:\/\/www.moodnatural.com\/ca\/2015\/07\/31\/cuida-pell-despres-dun-dia-platja\/#primaryimage\"},\"image\":{\"@id\":\"https:\/\/www.moodnatural.com\/ca\/2015\/07\/31\/cuida-pell-despres-dun-dia-platja\/#primaryimage\"},\"thumbnailUrl\":\"https:\/\/www.moodnatural.com\/wp-content\/uploads\/2017\/08\/26-image1.jpg\",\"datePublished\":\"2015-07-31T11:10:05+00:00\",\"dateModified\":\"2020-01-03T14:51:09+00:00\",\"description\":\"Si \u00e9s estiu i vas a la platja descobrir\u00e0s que la teva pell es ressent. Cal tenir una cura especial de la pell despr\u00e9s de la platja. Descobreix-ho al bloc.\",\"breadcrumb\":{\"@id\":\"https:\/\/www.moodnatural.com\/ca\/2015\/07\/31\/cuida-pell-despres-dun-dia-platja\/#breadcrumb\"},\"inLanguage\":\"ca\",\"potentialAction\":[{\"@type\":\"ReadAction\",\"target\":[\"https:\/\/www.moodnatural.com\/ca\/2015\/07\/31\/cuida-pell-despres-dun-dia-platja\/\"]}]},{\"@type\":\"ImageObject\",\"inLanguage\":\"ca\",\"@id\":\"https:\/\/www.moodnatural.com\/ca\/2015\/07\/31\/cuida-pell-despres-dun-dia-platja\/#primaryimage\",\"url\":\"https:\/\/www.moodnatural.com\/wp-content\/uploads\/2017\/08\/26-image1.jpg\",\"contentUrl\":\"https:\/\/www.moodnatural.com\/wp-content\/uploads\/2017\/08\/26-image1.jpg\",\"width\":633,\"height\":620,\"caption\":\"Cuidado Piel\"},{\"@type\":\"BreadcrumbList\",\"@id\":\"https:\/\/www.moodnatural.com\/ca\/2015\/07\/31\/cuida-pell-despres-dun-dia-platja\/#breadcrumb\",\"itemListElement\":[{\"@type\":\"ListItem\",\"position\":1,\"name\":\"Portada\",\"item\":\"https:\/\/www.moodnatural.com\/ca\/\"},{\"@type\":\"ListItem\",\"position\":2,\"name\":\"Cura de la pell despr\u00e9s d\u2019un dia de platja\"}]},{\"@type\":\"WebSite\",\"@id\":\"https:\/\/www.moodnatural.com\/ca\/#website\",\"url\":\"https:\/\/www.moodnatural.com\/ca\/\",\"name\":\"Mood Natural\",\"description\":\"Cosm\u00e9tica natural Barcelona\",\"publisher\":{\"@id\":\"https:\/\/www.moodnatural.com\/ca\/#organization\"},\"potentialAction\":[{\"@type\":\"SearchAction\",\"target\":{\"@type\":\"EntryPoint\",\"urlTemplate\":\"https:\/\/www.moodnatural.com\/ca\/?s={search_term_string}\"},\"query-input\":{\"@type\":\"PropertyValueSpecification\",\"valueRequired\":true,\"valueName\":\"search_term_string\"}}],\"inLanguage\":\"ca\"},{\"@type\":\"Organization\",\"@id\":\"https:\/\/www.moodnatural.com\/ca\/#organization\",\"name\":\"Mood Natural Barcelona\",\"url\":\"https:\/\/www.moodnatural.com\/ca\/\",\"logo\":{\"@type\":\"ImageObject\",\"inLanguage\":\"ca\",\"@id\":\"https:\/\/www.moodnatural.com\/ca\/#\/schema\/logo\/image\/\",\"url\":\"https:\/\/www.moodnatural.com\/wp-content\/uploads\/2017\/09\/logo-moodbarcelona-55.png\",\"contentUrl\":\"https:\/\/www.moodnatural.com\/wp-content\/uploads\/2017\/09\/logo-moodbarcelona-55.png\",\"width\":330,\"height\":55,\"caption\":\"Mood Natural Barcelona\"},\"image\":{\"@id\":\"https:\/\/www.moodnatural.com\/ca\/#\/schema\/logo\/image\/\"}},{\"@type\":\"Person\",\"@id\":\"https:\/\/www.moodnatural.com\/ca\/#\/schema\/person\/1c544f5ff43b5d545961cda75f0266f2\",\"name\":\"jordi\",\"image\":{\"@type\":\"ImageObject\",\"inLanguage\":\"ca\",\"@id\":\"https:\/\/www.moodnatural.com\/ca\/#\/schema\/person\/image\/\",\"url\":\"https:\/\/secure.gravatar.com\/avatar\/64ee57f098f38572a60fac7cc89c1a4e8fc17a850ca53ae642e23623210fc671?s=96&d=mm&r=g\",\"contentUrl\":\"https:\/\/secure.gravatar.com\/avatar\/64ee57f098f38572a60fac7cc89c1a4e8fc17a850ca53ae642e23623210fc671?s=96&d=mm&r=g\",\"caption\":\"jordi\"}}]}<\/script>\n<!-- \/ Yoast SEO plugin. -->","yoast_head_json":{"title":"Cura de la pell despr\u00e9s d\u2019un dia de platja - Mood Natural","description":"Si \u00e9s estiu i vas a la platja descobrir\u00e0s que la teva pell es ressent. Cal tenir una cura especial de la pell despr\u00e9s de la platja. Descobreix-ho al bloc.","robots":{"index":"index","follow":"follow","max-snippet":"max-snippet:-1","max-image-preview":"max-image-preview:large","max-video-preview":"max-video-preview:-1"},"canonical":"https:\/\/www.moodnatural.com\/ca\/2015\/07\/31\/cuida-pell-despres-dun-dia-platja\/","og_locale":"ca_ES","og_type":"article","og_title":"Cura de la pell despr\u00e9s d\u2019un dia de platja - Mood Natural","og_description":"Si \u00e9s estiu i vas a la platja descobrir\u00e0s que la teva pell es ressent. Cal tenir una cura especial de la pell despr\u00e9s de la platja. Descobreix-ho al bloc.","og_url":"https:\/\/www.moodnatural.com\/ca\/2015\/07\/31\/cuida-pell-despres-dun-dia-platja\/","og_site_name":"Mood Natural","article_published_time":"2015-07-31T11:10:05+00:00","article_modified_time":"2020-01-03T14:51:09+00:00","og_image":[{"width":633,"height":620,"url":"https:\/\/www.moodnatural.com\/wp-content\/uploads\/2017\/08\/26-image1.jpg","type":"image\/jpeg"}],"author":"jordi","twitter_card":"summary_large_image","twitter_misc":{"Escrit per":"jordi","Temps estimat de lectura":"3 minuts"},"schema":{"@context":"https:\/\/schema.org","@graph":[{"@type":"Article","@id":"https:\/\/www.moodnatural.com\/ca\/2015\/07\/31\/cuida-pell-despres-dun-dia-platja\/#article","isPartOf":{"@id":"https:\/\/www.moodnatural.com\/ca\/2015\/07\/31\/cuida-pell-despres-dun-dia-platja\/"},"author":{"name":"jordi","@id":"https:\/\/www.moodnatural.com\/ca\/#\/schema\/person\/1c544f5ff43b5d545961cda75f0266f2"},"headline":"Cura de la pell despr\u00e9s d\u2019un dia de platja","datePublished":"2015-07-31T11:10:05+00:00","dateModified":"2020-01-03T14:51:09+00:00","mainEntityOfPage":{"@id":"https:\/\/www.moodnatural.com\/ca\/2015\/07\/31\/cuida-pell-despres-dun-dia-platja\/"},"wordCount":642,"publisher":{"@id":"https:\/\/www.moodnatural.com\/ca\/#organization"},"image":{"@id":"https:\/\/www.moodnatural.com\/ca\/2015\/07\/31\/cuida-pell-despres-dun-dia-platja\/#primaryimage"},"thumbnailUrl":"https:\/\/www.moodnatural.com\/wp-content\/uploads\/2017\/08\/26-image1.jpg","keywords":["barcelona","mood natural","mood natural barcelona","pell","platja","skin","summer mood"],"articleSection":["Pell"],"inLanguage":"ca"},{"@type":"WebPage","@id":"https:\/\/www.moodnatural.com\/ca\/2015\/07\/31\/cuida-pell-despres-dun-dia-platja\/","url":"https:\/\/www.moodnatural.com\/ca\/2015\/07\/31\/cuida-pell-despres-dun-dia-platja\/","name":"Cura de la pell despr\u00e9s d\u2019un dia de platja - Mood Natural","isPartOf":{"@id":"https:\/\/www.moodnatural.com\/ca\/#website"},"primaryImageOfPage":{"@id":"https:\/\/www.moodnatural.com\/ca\/2015\/07\/31\/cuida-pell-despres-dun-dia-platja\/#primaryimage"},"image":{"@id":"https:\/\/www.moodnatural.com\/ca\/2015\/07\/31\/cuida-pell-despres-dun-dia-platja\/#primaryimage"},"thumbnailUrl":"https:\/\/www.moodnatural.com\/wp-content\/uploads\/2017\/08\/26-image1.jpg","datePublished":"2015-07-31T11:10:05+00:00","dateModified":"2020-01-03T14:51:09+00:00","description":"Si \u00e9s estiu i vas a la platja descobrir\u00e0s que la teva pell es ressent. Cal tenir una cura especial de la pell despr\u00e9s de la platja. Descobreix-ho al bloc.","breadcrumb":{"@id":"https:\/\/www.moodnatural.com\/ca\/2015\/07\/31\/cuida-pell-despres-dun-dia-platja\/#breadcrumb"},"inLanguage":"ca","potentialAction":[{"@type":"ReadAction","target":["https:\/\/www.moodnatural.com\/ca\/2015\/07\/31\/cuida-pell-despres-dun-dia-platja\/"]}]},{"@type":"ImageObject","inLanguage":"ca","@id":"https:\/\/www.moodnatural.com\/ca\/2015\/07\/31\/cuida-pell-despres-dun-dia-platja\/#primaryimage","url":"https:\/\/www.moodnatural.com\/wp-content\/uploads\/2017\/08\/26-image1.jpg","contentUrl":"https:\/\/www.moodnatural.com\/wp-content\/uploads\/2017\/08\/26-image1.jpg","width":633,"height":620,"caption":"Cuidado Piel"},{"@type":"BreadcrumbList","@id":"https:\/\/www.moodnatural.com\/ca\/2015\/07\/31\/cuida-pell-despres-dun-dia-platja\/#breadcrumb","itemListElement":[{"@type":"ListItem","position":1,"name":"Portada","item":"https:\/\/www.moodnatural.com\/ca\/"},{"@type":"ListItem","position":2,"name":"Cura de la pell despr\u00e9s d\u2019un dia de platja"}]},{"@type":"WebSite","@id":"https:\/\/www.moodnatural.com\/ca\/#website","url":"https:\/\/www.moodnatural.com\/ca\/","name":"Mood Natural","description":"Cosm\u00e9tica natural Barcelona","publisher":{"@id":"https:\/\/www.moodnatural.com\/ca\/#organization"},"potentialAction":[{"@type":"SearchAction","target":{"@type":"EntryPoint","urlTemplate":"https:\/\/www.moodnatural.com\/ca\/?s={search_term_string}"},"query-input":{"@type":"PropertyValueSpecification","valueRequired":true,"valueName":"search_term_string"}}],"inLanguage":"ca"},{"@type":"Organization","@id":"https:\/\/www.moodnatural.com\/ca\/#organization","name":"Mood Natural Barcelona","url":"https:\/\/www.moodnatural.com\/ca\/","logo":{"@type":"ImageObject","inLanguage":"ca","@id":"https:\/\/www.moodnatural.com\/ca\/#\/schema\/logo\/image\/","url":"https:\/\/www.moodnatural.com\/wp-content\/uploads\/2017\/09\/logo-moodbarcelona-55.png","contentUrl":"https:\/\/www.moodnatural.com\/wp-content\/uploads\/2017\/09\/logo-moodbarcelona-55.png","width":330,"height":55,"caption":"Mood Natural Barcelona"},"image":{"@id":"https:\/\/www.moodnatural.com\/ca\/#\/schema\/logo\/image\/"}},{"@type":"Person","@id":"https:\/\/www.moodnatural.com\/ca\/#\/schema\/person\/1c544f5ff43b5d545961cda75f0266f2","name":"jordi","image":{"@type":"ImageObject","inLanguage":"ca","@id":"https:\/\/www.moodnatural.com\/ca\/#\/schema\/person\/image\/","url":"https:\/\/secure.gravatar.com\/avatar\/64ee57f098f38572a60fac7cc89c1a4e8fc17a850ca53ae642e23623210fc671?s=96&d=mm&r=g","contentUrl":"https:\/\/secure.gravatar.com\/avatar\/64ee57f098f38572a60fac7cc89c1a4e8fc17a850ca53ae642e23623210fc671?s=96&d=mm&r=g","caption":"jordi"}}]}},"_links":{"self":[{"href":"https:\/\/www.moodnatural.com\/ca\/wp-json\/wp\/v2\/posts\/586","targetHints":{"allow":["GET"]}}],"collection":[{"href":"https:\/\/www.moodnatural.com\/ca\/wp-json\/wp\/v2\/posts"}],"about":[{"href":"https:\/\/www.moodnatural.com\/ca\/wp-json\/wp\/v2\/types\/post"}],"author":[{"embeddable":true,"href":"https:\/\/www.moodnatural.com\/ca\/wp-json\/wp\/v2\/users\/1"}],"replies":[{"embeddable":true,"href":"https:\/\/www.moodnatural.com\/ca\/wp-json\/wp\/v2\/comments?post=586"}],"version-history":[{"count":0,"href":"https:\/\/www.moodnatural.com\/ca\/wp-json\/wp\/v2\/posts\/586\/revisions"}],"wp:featuredmedia":[{"embeddable":true,"href":"https:\/\/www.moodnatural.com\/ca\/wp-json\/wp\/v2\/media\/587"}],"wp:attachment":[{"href":"https:\/\/www.moodnatural.com\/ca\/wp-json\/wp\/v2\/media?parent=586"}],"wp:term":[{"taxonomy":"category","embeddable":true,"href":"https:\/\/www.moodnatural.com\/ca\/wp-json\/wp\/v2\/categories?post=586"},{"taxonomy":"post_tag","embeddable":true,"href":"https:\/\/www.moodnatural.com\/ca\/wp-json\/wp\/v2\/tags?post=586"}],"curies":[{"name":"wp","href":"https:\/\/api.w.org\/{rel}","templated":true}]}}