{"id":581,"date":"2015-07-08T12:05:28","date_gmt":"2015-07-08T11:05:28","guid":{"rendered":"http:\/\/milimetricserver.com\/moodnatural\/?p=581"},"modified":"2020-01-03T15:53:11","modified_gmt":"2020-01-03T14:53:11","slug":"summer-mood","status":"publish","type":"post","link":"https:\/\/www.moodnatural.com\/ca\/2015\/07\/08\/summer-mood\/","title":{"rendered":"Summer Mood: el Benestar, la Cosm\u00e8tica i l&#8217;Estiu"},"content":{"rendered":"<p><strong>SUMMER MOOD, PARLEM DEL BENESTAR, LA COSM\u00c8TICA I L&#8217;ESTIU<\/strong><\/p>\n<p>SOM PURA QU\u00cdMICA I EL NOSTRE COS, LA NOSTRA PELL REACCIONEN DAVANT ELS CANVIS CLIM\u00c0TICS.<\/p>\n<p>Ja ha arribat l\u2019estiu, deixem enrere capes de roba gruixuda, per donar-li pas a una roba m\u00e9s fresca i m\u00e9s relaxada, ha arribat el moment de lluir la nostra pell i gaudir del sol. Un sol que pot ser el nostre gran aliat sempre que sapiguem gaudir d\u2019ell, no abusant de la seva exposici\u00f3 i protegint i cuidant la nostra pell.<\/p>\n<p>Al estar sota el sol s\u2019estimula la producci\u00f3 d\u2019endorfines al nostre organisme, el que ens aporta una sensaci\u00f3 de benestar.<\/p>\n<p>Les endorfines actuen sobre les neurones sensorials i produeixen un sentiment d\u2019euf\u00f2ria i d\u2019alegria. L\u2019arribada de l\u2019estiu porta amb si un canvi de comportament en la nostra rutina, compartim m\u00e9s en fam\u00edlia i amb els amics, ja sigui gaudint d\u2019un dia a la platja, a la piscina, un passeig a l\u2019aire lliure o passant la tarda a la terrassa d\u2019un amic.<\/p>\n<p>Per\u00f2 a mesura que van passant les estacions i anem adaptant la nostra roba i els nostres h\u00e0bits alimentaris, tamb\u00e9 hem de tenir en compte com afecten aquests canvis clim\u00e0tics a la nostra pell i com podem fer per mantenir-la sana.\u00a0<strong>Amb l\u2019augment de la temperatura propi d\u2019aquesta \u00e8poca nostra pell es deshidrata<\/strong>, ja que com un mecanisme de regulaci\u00f3, el nostre cos produeix una major sudoraci\u00f3, amb la conseq\u00fcent p\u00e8rdua d\u2019aigua,\u00a0<strong>pel que \u00e9s de vital import\u00e0ncia mantenir el nostre cos hidratat tant per fora com per dins.<\/strong>\u00a0A m\u00e9s a aquesta deshidrataci\u00f3 hem de sumar els\u00a0<strong>danys <\/strong>que es produeixen en la nostra pell<strong>\u00a0quan ens exposem al sol sense la protecci\u00f3 adequada<\/strong>, com taques a la pell, arrugues, cremades, i els signes del foto-envelliment.<\/p>\n<p>A MOOD NATURAL BARCELONA volem que gaudeixis del SUMMER MOOD, perqu\u00e8 gaudeixis de la cosm\u00e9tica i l\u2019estiu sense preocupacions, t\u2019oferim dos productes perqu\u00e8 la teva pell es mantingui cuidada, hidratada i protegida. El nostre <a href=\"https:\/\/www.moodnatural.com\/ca\/producte\/llet-corporal-hidratant\/\">BODY MILK <\/a>amb emol\u00b7lients que al mateix temps d\u2019aportar una excel\u00b7lent extensibilitat al producte, tenen la capacitat de formar una pel\u00b7l\u00edcula sobre la pell evitant la p\u00e8rdua d\u2019aigua transepidermal, a m\u00e9s d\u2019agents humectants capa\u00e7os d\u2019absorbir l\u2019aigua del medi ambient i mantenir-la en la nostra pell. Amb un ingredient que \u00e9s capa\u00e7 de promoure la funci\u00f3 de barrera de la nostra pell fent que la mateixa es rehidrati constantment de forma r\u00e0pida i natural, amb propietats calmants que protegeixen la pell de qualsevol irritaci\u00f3, i com un toc especial al nostre producte tamb\u00e9 es va incorporar un ingredient capa\u00e7 de reduir l\u2019aparici\u00f3 de p\u00e8l corporal per aix\u00ed retardar el temps entre depilacions. El <a href=\"https:\/\/www.moodnatural.com\/ca\/producte\/llet-corporal-hidratant\/\">BODY MILK<\/a> perfecte per a aquest estiu. I el nostre protector solar <a href=\"https:\/\/www.moodnatural.com\/ca\/producte\/esprai-solar-spf30\/\">SUNCARE SPRAY<\/a> amb SPF 30 que ha estat formulat amb filtres solars que protegeixen la nostra pell de les radiacions UVA i UVB, a m\u00e9s de contenir filtres f\u00edsics que formen una capa que funciona com a barrera f\u00edsica de manera que evita o minimitza la cremada o eritema produ\u00efts pel sol. Tot aix\u00f2 dins d\u2019una formulaci\u00f3 no enganxosa sense deixar la pell greixosa a m\u00e9s de contenir un extracte natural derivat de la soja que proporciona a la pell un efecte after sun al mateix temps que la protegeix. Aix\u00ed mateix cont\u00e9 un poder\u00f3s antioxidant natural provinent del ra\u00efm capa\u00e7 de protegir la nostra pell de l\u2019efecte dels radicals lliures.<\/p>\n<h4>Gaudeix del <strong>SUMMER MOOD<\/strong><br \/>\namb <strong>MOOD NATURAL BARCELONA<\/strong><\/h4>\n<p>Visita\u2019ns a\u00a0<a href=\"https:\/\/www.moodnatural.com\/ca\/\">https:\/\/www.moodnatural.com<\/a><\/p>\n","protected":false},"excerpt":{"rendered":"<p>SUMMER MOOD, PARLEM DEL BENESTAR, LA COSM\u00c8TICA I L&#8217;ESTIU SOM PURA QU\u00cdMICA I EL NOSTRE COS, LA NOSTRA PELL REACCIONEN DAVANT ELS CANVIS CLIM\u00c0TICS. Ja ha arribat l\u2019estiu, deixem enrere<\/p>\n","protected":false},"author":1,"featured_media":582,"comment_status":"closed","ping_status":"closed","sticky":false,"template":"","format":"standard","meta":{"_acf_changed":false,"footnotes":""},"categories":[5],"tags":[76,15,80,16,109,96,110,29,78,38,99,111,102,112,113,25,87],"class_list":["post-581","post","type-post","status-publish","format-standard","has-post-thumbnail","hentry","category-anima","tag-body-milk","tag-cosmetica-barcelona","tag-cosmetica-mediterrania","tag-cosmetica-natural-barcelona","tag-cosmetica-per-gent-que-practica-esport","tag-cosmetica-wellness","tag-health","tag-hidratacio","tag-hidratacio-natural","tag-proteccio-solar","tag-protector-solar","tag-skin-health","tag-sol","tag-summer-mood","tag-sun","tag-verano","tag-wellness-cosmetics"],"acf":[],"yoast_head":"<!-- This site is optimized with the Yoast SEO plugin v24.7 - https:\/\/yoast.com\/wordpress\/plugins\/seo\/ -->\n<title>Summer Mood: el Benestar, la Cosm\u00e8tica i l&#039;Estiu - Mood Natural<\/title>\n<meta name=\"description\" content=\"En MOOD NATURAL BARCELONA volem que tinguis un SUMMER MOOD genial, perqu\u00e8 gaudeixis de la cosm\u00e8tica i l&#039;estiu sense preocupacions.\" \/>\n<meta name=\"robots\" content=\"index, follow, max-snippet:-1, max-image-preview:large, max-video-preview:-1\" \/>\n<link rel=\"canonical\" href=\"https:\/\/www.moodnatural.com\/ca\/2015\/07\/08\/summer-mood\/\" \/>\n<meta property=\"og:locale\" content=\"ca_ES\" \/>\n<meta property=\"og:type\" content=\"article\" \/>\n<meta property=\"og:title\" content=\"Summer Mood: el Benestar, la Cosm\u00e8tica i l&#039;Estiu - Mood Natural\" \/>\n<meta property=\"og:description\" content=\"En MOOD NATURAL BARCELONA volem que tinguis un SUMMER MOOD genial, perqu\u00e8 gaudeixis de la cosm\u00e8tica i l&#039;estiu sense preocupacions.\" \/>\n<meta property=\"og:url\" content=\"https:\/\/www.moodnatural.com\/ca\/2015\/07\/08\/summer-mood\/\" \/>\n<meta property=\"og:site_name\" content=\"Mood Natural\" \/>\n<meta property=\"article:published_time\" content=\"2015-07-08T11:05:28+00:00\" \/>\n<meta property=\"article:modified_time\" content=\"2020-01-03T14:53:11+00:00\" \/>\n<meta property=\"og:image\" content=\"https:\/\/www.moodnatural.com\/wp-content\/uploads\/2017\/08\/24-summer-mood-2-1024x1024.jpg\" \/>\n\t<meta property=\"og:image:width\" content=\"1024\" \/>\n\t<meta property=\"og:image:height\" content=\"1024\" \/>\n\t<meta property=\"og:image:type\" content=\"image\/jpeg\" \/>\n<meta name=\"author\" content=\"jordi\" \/>\n<meta name=\"twitter:card\" content=\"summary_large_image\" \/>\n<meta name=\"twitter:label1\" content=\"Escrit per\" \/>\n\t<meta name=\"twitter:data1\" content=\"jordi\" \/>\n\t<meta name=\"twitter:label2\" content=\"Temps estimat de lectura\" \/>\n\t<meta name=\"twitter:data2\" content=\"3 minuts\" \/>\n<script type=\"application\/ld+json\" class=\"yoast-schema-graph\">{\"@context\":\"https:\/\/schema.org\",\"@graph\":[{\"@type\":\"Article\",\"@id\":\"https:\/\/www.moodnatural.com\/ca\/2015\/07\/08\/summer-mood\/#article\",\"isPartOf\":{\"@id\":\"https:\/\/www.moodnatural.com\/ca\/2015\/07\/08\/summer-mood\/\"},\"author\":{\"name\":\"jordi\",\"@id\":\"https:\/\/www.moodnatural.com\/ca\/#\/schema\/person\/1c544f5ff43b5d545961cda75f0266f2\"},\"headline\":\"Summer Mood: el Benestar, la Cosm\u00e8tica i l&#8217;Estiu\",\"datePublished\":\"2015-07-08T11:05:28+00:00\",\"dateModified\":\"2020-01-03T14:53:11+00:00\",\"mainEntityOfPage\":{\"@id\":\"https:\/\/www.moodnatural.com\/ca\/2015\/07\/08\/summer-mood\/\"},\"wordCount\":640,\"publisher\":{\"@id\":\"https:\/\/www.moodnatural.com\/ca\/#organization\"},\"image\":{\"@id\":\"https:\/\/www.moodnatural.com\/ca\/2015\/07\/08\/summer-mood\/#primaryimage\"},\"thumbnailUrl\":\"https:\/\/www.moodnatural.com\/wp-content\/uploads\/2017\/08\/24-summer-mood-2-1024x1024.jpg\",\"keywords\":[\"body milk\",\"cosm\u00e8tica barcelona\",\"Cosm\u00e8tica mediterr\u00e0nia\",\"cosm\u00e8tica natural barcelona\",\"cosm\u00e8tica per gent que practica esport\",\"cosm\u00e8tica wellness\",\"health\",\"hidrataci\u00f3\",\"hidrataci\u00f3 natural\",\"protecci\u00f3 solar\",\"protector solar\",\"skin health\",\"sol\",\"summer mood\",\"sun\",\"verano\",\"wellness cosmetics\"],\"articleSection\":[\"\u00c0nima\"],\"inLanguage\":\"ca\"},{\"@type\":\"WebPage\",\"@id\":\"https:\/\/www.moodnatural.com\/ca\/2015\/07\/08\/summer-mood\/\",\"url\":\"https:\/\/www.moodnatural.com\/ca\/2015\/07\/08\/summer-mood\/\",\"name\":\"Summer Mood: el Benestar, la Cosm\u00e8tica i l'Estiu - Mood Natural\",\"isPartOf\":{\"@id\":\"https:\/\/www.moodnatural.com\/ca\/#website\"},\"primaryImageOfPage\":{\"@id\":\"https:\/\/www.moodnatural.com\/ca\/2015\/07\/08\/summer-mood\/#primaryimage\"},\"image\":{\"@id\":\"https:\/\/www.moodnatural.com\/ca\/2015\/07\/08\/summer-mood\/#primaryimage\"},\"thumbnailUrl\":\"https:\/\/www.moodnatural.com\/wp-content\/uploads\/2017\/08\/24-summer-mood-2-1024x1024.jpg\",\"datePublished\":\"2015-07-08T11:05:28+00:00\",\"dateModified\":\"2020-01-03T14:53:11+00:00\",\"description\":\"En MOOD NATURAL BARCELONA volem que tinguis un SUMMER MOOD genial, perqu\u00e8 gaudeixis de la cosm\u00e8tica i l'estiu sense preocupacions.\",\"breadcrumb\":{\"@id\":\"https:\/\/www.moodnatural.com\/ca\/2015\/07\/08\/summer-mood\/#breadcrumb\"},\"inLanguage\":\"ca\",\"potentialAction\":[{\"@type\":\"ReadAction\",\"target\":[\"https:\/\/www.moodnatural.com\/ca\/2015\/07\/08\/summer-mood\/\"]}]},{\"@type\":\"ImageObject\",\"inLanguage\":\"ca\",\"@id\":\"https:\/\/www.moodnatural.com\/ca\/2015\/07\/08\/summer-mood\/#primaryimage\",\"url\":\"https:\/\/www.moodnatural.com\/wp-content\/uploads\/2017\/08\/24-summer-mood-2-1024x1024.jpg\",\"contentUrl\":\"https:\/\/www.moodnatural.com\/wp-content\/uploads\/2017\/08\/24-summer-mood-2-1024x1024.jpg\",\"width\":1024,\"height\":1024,\"caption\":\"la Cosm\u00e9tica i l'Estiu\"},{\"@type\":\"BreadcrumbList\",\"@id\":\"https:\/\/www.moodnatural.com\/ca\/2015\/07\/08\/summer-mood\/#breadcrumb\",\"itemListElement\":[{\"@type\":\"ListItem\",\"position\":1,\"name\":\"Portada\",\"item\":\"https:\/\/www.moodnatural.com\/ca\/\"},{\"@type\":\"ListItem\",\"position\":2,\"name\":\"Summer Mood: el Benestar, la Cosm\u00e8tica i l&#8217;Estiu\"}]},{\"@type\":\"WebSite\",\"@id\":\"https:\/\/www.moodnatural.com\/ca\/#website\",\"url\":\"https:\/\/www.moodnatural.com\/ca\/\",\"name\":\"Mood Natural\",\"description\":\"Cosm\u00e9tica natural Barcelona\",\"publisher\":{\"@id\":\"https:\/\/www.moodnatural.com\/ca\/#organization\"},\"potentialAction\":[{\"@type\":\"SearchAction\",\"target\":{\"@type\":\"EntryPoint\",\"urlTemplate\":\"https:\/\/www.moodnatural.com\/ca\/?s={search_term_string}\"},\"query-input\":{\"@type\":\"PropertyValueSpecification\",\"valueRequired\":true,\"valueName\":\"search_term_string\"}}],\"inLanguage\":\"ca\"},{\"@type\":\"Organization\",\"@id\":\"https:\/\/www.moodnatural.com\/ca\/#organization\",\"name\":\"Mood Natural Barcelona\",\"url\":\"https:\/\/www.moodnatural.com\/ca\/\",\"logo\":{\"@type\":\"ImageObject\",\"inLanguage\":\"ca\",\"@id\":\"https:\/\/www.moodnatural.com\/ca\/#\/schema\/logo\/image\/\",\"url\":\"https:\/\/www.moodnatural.com\/wp-content\/uploads\/2017\/09\/logo-moodbarcelona-55.png\",\"contentUrl\":\"https:\/\/www.moodnatural.com\/wp-content\/uploads\/2017\/09\/logo-moodbarcelona-55.png\",\"width\":330,\"height\":55,\"caption\":\"Mood Natural Barcelona\"},\"image\":{\"@id\":\"https:\/\/www.moodnatural.com\/ca\/#\/schema\/logo\/image\/\"}},{\"@type\":\"Person\",\"@id\":\"https:\/\/www.moodnatural.com\/ca\/#\/schema\/person\/1c544f5ff43b5d545961cda75f0266f2\",\"name\":\"jordi\",\"image\":{\"@type\":\"ImageObject\",\"inLanguage\":\"ca\",\"@id\":\"https:\/\/www.moodnatural.com\/ca\/#\/schema\/person\/image\/\",\"url\":\"https:\/\/secure.gravatar.com\/avatar\/64ee57f098f38572a60fac7cc89c1a4e8fc17a850ca53ae642e23623210fc671?s=96&d=mm&r=g\",\"contentUrl\":\"https:\/\/secure.gravatar.com\/avatar\/64ee57f098f38572a60fac7cc89c1a4e8fc17a850ca53ae642e23623210fc671?s=96&d=mm&r=g\",\"caption\":\"jordi\"}}]}<\/script>\n<!-- \/ Yoast SEO plugin. -->","yoast_head_json":{"title":"Summer Mood: el Benestar, la Cosm\u00e8tica i l'Estiu - Mood Natural","description":"En MOOD NATURAL BARCELONA volem que tinguis un SUMMER MOOD genial, perqu\u00e8 gaudeixis de la cosm\u00e8tica i l'estiu sense preocupacions.","robots":{"index":"index","follow":"follow","max-snippet":"max-snippet:-1","max-image-preview":"max-image-preview:large","max-video-preview":"max-video-preview:-1"},"canonical":"https:\/\/www.moodnatural.com\/ca\/2015\/07\/08\/summer-mood\/","og_locale":"ca_ES","og_type":"article","og_title":"Summer Mood: el Benestar, la Cosm\u00e8tica i l'Estiu - Mood Natural","og_description":"En MOOD NATURAL BARCELONA volem que tinguis un SUMMER MOOD genial, perqu\u00e8 gaudeixis de la cosm\u00e8tica i l'estiu sense preocupacions.","og_url":"https:\/\/www.moodnatural.com\/ca\/2015\/07\/08\/summer-mood\/","og_site_name":"Mood Natural","article_published_time":"2015-07-08T11:05:28+00:00","article_modified_time":"2020-01-03T14:53:11+00:00","og_image":[{"width":1024,"height":1024,"url":"https:\/\/www.moodnatural.com\/wp-content\/uploads\/2017\/08\/24-summer-mood-2-1024x1024.jpg","type":"image\/jpeg"}],"author":"jordi","twitter_card":"summary_large_image","twitter_misc":{"Escrit per":"jordi","Temps estimat de lectura":"3 minuts"},"schema":{"@context":"https:\/\/schema.org","@graph":[{"@type":"Article","@id":"https:\/\/www.moodnatural.com\/ca\/2015\/07\/08\/summer-mood\/#article","isPartOf":{"@id":"https:\/\/www.moodnatural.com\/ca\/2015\/07\/08\/summer-mood\/"},"author":{"name":"jordi","@id":"https:\/\/www.moodnatural.com\/ca\/#\/schema\/person\/1c544f5ff43b5d545961cda75f0266f2"},"headline":"Summer Mood: el Benestar, la Cosm\u00e8tica i l&#8217;Estiu","datePublished":"2015-07-08T11:05:28+00:00","dateModified":"2020-01-03T14:53:11+00:00","mainEntityOfPage":{"@id":"https:\/\/www.moodnatural.com\/ca\/2015\/07\/08\/summer-mood\/"},"wordCount":640,"publisher":{"@id":"https:\/\/www.moodnatural.com\/ca\/#organization"},"image":{"@id":"https:\/\/www.moodnatural.com\/ca\/2015\/07\/08\/summer-mood\/#primaryimage"},"thumbnailUrl":"https:\/\/www.moodnatural.com\/wp-content\/uploads\/2017\/08\/24-summer-mood-2-1024x1024.jpg","keywords":["body milk","cosm\u00e8tica barcelona","Cosm\u00e8tica mediterr\u00e0nia","cosm\u00e8tica natural barcelona","cosm\u00e8tica per gent que practica esport","cosm\u00e8tica wellness","health","hidrataci\u00f3","hidrataci\u00f3 natural","protecci\u00f3 solar","protector solar","skin health","sol","summer mood","sun","verano","wellness cosmetics"],"articleSection":["\u00c0nima"],"inLanguage":"ca"},{"@type":"WebPage","@id":"https:\/\/www.moodnatural.com\/ca\/2015\/07\/08\/summer-mood\/","url":"https:\/\/www.moodnatural.com\/ca\/2015\/07\/08\/summer-mood\/","name":"Summer Mood: el Benestar, la Cosm\u00e8tica i l'Estiu - Mood Natural","isPartOf":{"@id":"https:\/\/www.moodnatural.com\/ca\/#website"},"primaryImageOfPage":{"@id":"https:\/\/www.moodnatural.com\/ca\/2015\/07\/08\/summer-mood\/#primaryimage"},"image":{"@id":"https:\/\/www.moodnatural.com\/ca\/2015\/07\/08\/summer-mood\/#primaryimage"},"thumbnailUrl":"https:\/\/www.moodnatural.com\/wp-content\/uploads\/2017\/08\/24-summer-mood-2-1024x1024.jpg","datePublished":"2015-07-08T11:05:28+00:00","dateModified":"2020-01-03T14:53:11+00:00","description":"En MOOD NATURAL BARCELONA volem que tinguis un SUMMER MOOD genial, perqu\u00e8 gaudeixis de la cosm\u00e8tica i l'estiu sense preocupacions.","breadcrumb":{"@id":"https:\/\/www.moodnatural.com\/ca\/2015\/07\/08\/summer-mood\/#breadcrumb"},"inLanguage":"ca","potentialAction":[{"@type":"ReadAction","target":["https:\/\/www.moodnatural.com\/ca\/2015\/07\/08\/summer-mood\/"]}]},{"@type":"ImageObject","inLanguage":"ca","@id":"https:\/\/www.moodnatural.com\/ca\/2015\/07\/08\/summer-mood\/#primaryimage","url":"https:\/\/www.moodnatural.com\/wp-content\/uploads\/2017\/08\/24-summer-mood-2-1024x1024.jpg","contentUrl":"https:\/\/www.moodnatural.com\/wp-content\/uploads\/2017\/08\/24-summer-mood-2-1024x1024.jpg","width":1024,"height":1024,"caption":"la Cosm\u00e9tica i l'Estiu"},{"@type":"BreadcrumbList","@id":"https:\/\/www.moodnatural.com\/ca\/2015\/07\/08\/summer-mood\/#breadcrumb","itemListElement":[{"@type":"ListItem","position":1,"name":"Portada","item":"https:\/\/www.moodnatural.com\/ca\/"},{"@type":"ListItem","position":2,"name":"Summer Mood: el Benestar, la Cosm\u00e8tica i l&#8217;Estiu"}]},{"@type":"WebSite","@id":"https:\/\/www.moodnatural.com\/ca\/#website","url":"https:\/\/www.moodnatural.com\/ca\/","name":"Mood Natural","description":"Cosm\u00e9tica natural Barcelona","publisher":{"@id":"https:\/\/www.moodnatural.com\/ca\/#organization"},"potentialAction":[{"@type":"SearchAction","target":{"@type":"EntryPoint","urlTemplate":"https:\/\/www.moodnatural.com\/ca\/?s={search_term_string}"},"query-input":{"@type":"PropertyValueSpecification","valueRequired":true,"valueName":"search_term_string"}}],"inLanguage":"ca"},{"@type":"Organization","@id":"https:\/\/www.moodnatural.com\/ca\/#organization","name":"Mood Natural Barcelona","url":"https:\/\/www.moodnatural.com\/ca\/","logo":{"@type":"ImageObject","inLanguage":"ca","@id":"https:\/\/www.moodnatural.com\/ca\/#\/schema\/logo\/image\/","url":"https:\/\/www.moodnatural.com\/wp-content\/uploads\/2017\/09\/logo-moodbarcelona-55.png","contentUrl":"https:\/\/www.moodnatural.com\/wp-content\/uploads\/2017\/09\/logo-moodbarcelona-55.png","width":330,"height":55,"caption":"Mood Natural Barcelona"},"image":{"@id":"https:\/\/www.moodnatural.com\/ca\/#\/schema\/logo\/image\/"}},{"@type":"Person","@id":"https:\/\/www.moodnatural.com\/ca\/#\/schema\/person\/1c544f5ff43b5d545961cda75f0266f2","name":"jordi","image":{"@type":"ImageObject","inLanguage":"ca","@id":"https:\/\/www.moodnatural.com\/ca\/#\/schema\/person\/image\/","url":"https:\/\/secure.gravatar.com\/avatar\/64ee57f098f38572a60fac7cc89c1a4e8fc17a850ca53ae642e23623210fc671?s=96&d=mm&r=g","contentUrl":"https:\/\/secure.gravatar.com\/avatar\/64ee57f098f38572a60fac7cc89c1a4e8fc17a850ca53ae642e23623210fc671?s=96&d=mm&r=g","caption":"jordi"}}]}},"_links":{"self":[{"href":"https:\/\/www.moodnatural.com\/ca\/wp-json\/wp\/v2\/posts\/581","targetHints":{"allow":["GET"]}}],"collection":[{"href":"https:\/\/www.moodnatural.com\/ca\/wp-json\/wp\/v2\/posts"}],"about":[{"href":"https:\/\/www.moodnatural.com\/ca\/wp-json\/wp\/v2\/types\/post"}],"author":[{"embeddable":true,"href":"https:\/\/www.moodnatural.com\/ca\/wp-json\/wp\/v2\/users\/1"}],"replies":[{"embeddable":true,"href":"https:\/\/www.moodnatural.com\/ca\/wp-json\/wp\/v2\/comments?post=581"}],"version-history":[{"count":0,"href":"https:\/\/www.moodnatural.com\/ca\/wp-json\/wp\/v2\/posts\/581\/revisions"}],"wp:featuredmedia":[{"embeddable":true,"href":"https:\/\/www.moodnatural.com\/ca\/wp-json\/wp\/v2\/media\/582"}],"wp:attachment":[{"href":"https:\/\/www.moodnatural.com\/ca\/wp-json\/wp\/v2\/media?parent=581"}],"wp:term":[{"taxonomy":"category","embeddable":true,"href":"https:\/\/www.moodnatural.com\/ca\/wp-json\/wp\/v2\/categories?post=581"},{"taxonomy":"post_tag","embeddable":true,"href":"https:\/\/www.moodnatural.com\/ca\/wp-json\/wp\/v2\/tags?post=581"}],"curies":[{"name":"wp","href":"https:\/\/api.w.org\/{rel}","templated":true}]}}