{"id":571,"date":"2015-06-12T11:57:30","date_gmt":"2015-06-12T10:57:30","guid":{"rendered":"http:\/\/milimetricserver.com\/moodnatural\/?p=571"},"modified":"2020-01-03T15:58:34","modified_gmt":"2020-01-03T14:58:34","slug":"cuida-teva-pell-gaudeix-sol","status":"publish","type":"post","link":"https:\/\/www.moodnatural.com\/ca\/2015\/06\/12\/cuida-teva-pell-gaudeix-sol\/","title":{"rendered":"Cuida la teva pell i gaudeix del sol"},"content":{"rendered":"<p><strong>A MOOD NATURAL BARCELONA volem explicar-te la import\u00e0ncia de cuidar la teva pell mentre gaudeixes del sol<\/strong><\/p>\n<p>Quan estem sota el sol es produeix en el nostre cos una sensaci\u00f3 de benestar, que psicol\u00f2gicament i fisiol\u00f2gicament produeix una sensaci\u00f3 de salut. L\u2019exposici\u00f3 moderada al sol t\u00e9 certs beneficis com l\u2019estimulaci\u00f3 de la circulaci\u00f3 sangu\u00ednia, l\u2019augment de la formaci\u00f3 d\u2019hemoglobina, la reducci\u00f3 de la pressi\u00f3 arterial i interv\u00e9 en la producci\u00f3 de vitamina D important per a l\u2019absorci\u00f3 de calci.<\/p>\n<h4>Per\u00f2, qu\u00e8 passa quan exposem la nostra pell al sol sense la protecci\u00f3 adequada?<\/h4>\n<p>La radiaci\u00f3 solar pot tenir efectes adversos tant a curt com a llarg termini quan ens exposem al sol sense protecci\u00f3. A curt termini, es produeix una lesi\u00f3 en l\u2019epidermis manifestant-se amb els s\u00edmptomes d\u2019una cremada. Aquests poden variar en la seva gravetat des d\u2019un lleuger eritema a cremades doloroses i butllofes en els casos m\u00e9s greus. Quan s\u2019ha afectat una \u00e0rea extensa de la pell, les lesions s\u2019acompanyen de calfreds, febre, n\u00e0usees i algunes vegades picor. Les lesions es poden classificar en:\u00a0<em>eritema m\u00ednim perceptible<\/em>\u00a0(aquesta lleugera coloraci\u00f3 vermella o ros\u00e0cia de la pell)\u00a0<em>eritema intens<\/em>\u00a0(coloraci\u00f3 vermella brillant a la pell)\u00a0<em>cremada dolorosa<\/em>\u00a0(eritema intens acompanyat de dolor) i\u00a0<em>cremada amb butllofes<\/em>\u00a0(eritema intens amb alt nivell de dolor i s\u00edmptomes sistem\u00e0tics amb butllofes i descamaci\u00f3). Sense oblidar que una exposici\u00f3 cr\u00f2nica a les radiacions solars sense protecci\u00f3 pot ocasionar danys m\u00e9s greus a la nostra salut com el desenvolupament de c\u00e0ncer de pell. A m\u00e9s de produir-se alteracions degeneratives del teixit de la pell amb un engrossiment de la mateixa, p\u00e8rdua de l\u2019elasticitat natural, aparici\u00f3 d\u2019arrugues i p\u00e8rdua de la capacitat de fixar l\u2019aigua a la pell (envelliment prematur).<\/p>\n<p>Els protectors solars s\u00f3n productes cosm\u00e8tics que contenen subst\u00e0ncies anomenades filtres solars que poden actuar per diferents mecanismes d\u2019acci\u00f3 prevenint o disminuint els efectes perjudicials de la radiaci\u00f3 solar o col\u00b7laborant amb el bronzejament de la pell d\u2019una manera segura i no dolorosa. \u00a0A\u00a0<strong>MOOD NATURAL BARCELONA\u00a0<\/strong>tenim un protector solar que protegeix i cuida la teva pell.<\/p>\n<p>El nostre\u00a0<a href=\"https:\/\/www.moodnatural.com\/ca\/producte\/esprai-solar-spf30\/\"><strong>SUNCARE SPRAY<\/strong><\/a> amb SPF 30 ha estat formulat amb filtres solars que protegeixen la nostra pell de les radiacions UVA i UVB, a m\u00e9s de contenir filtres f\u00edsics que formen una capa que funciona com a barrera f\u00edsica de manera que evita o minimitza la cremada o eritema produ\u00efts pel sol. Tot aix\u00f2 dins d\u2019una formulaci\u00f3 no enganxosa sense deixar la pell greixosa a m\u00e9s de contenir un extracte natural derivat de la soja que proporciona a la pell un efecte after sun al mateix temps que protegeix y cuida la teva pell. Aix\u00ed mateix cont\u00e9 un poder\u00f3s antioxidant natural provinent del ra\u00efm capa\u00e7 de protegir la nostra pell de l\u2019efecte dels radicals lliures.<\/p>\n<p>Atreveix-te a provar l\u2019efecte MOOD mentre gaudeixes de l\u2019estiu.<\/p>\n<p>Dedica temps a cuidar-te, per sentir-te b\u00e9, per sentir-te MOOD.<\/p>\n<h4>Feel mood, Feel Good<\/h4>\n","protected":false},"excerpt":{"rendered":"<p>A MOOD NATURAL BARCELONA volem explicar-te la import\u00e0ncia de cuidar la teva pell mentre gaudeixes del sol Quan estem sota el sol es produeix en el nostre cos una sensaci\u00f3<\/p>\n","protected":false},"author":1,"featured_media":573,"comment_status":"closed","ping_status":"closed","sticky":false,"template":"","format":"standard","meta":{"_acf_changed":false,"footnotes":""},"categories":[1],"tags":[94,95,45,75,14,15,80,16,96,85,36,97,98,20,38,99,93],"class_list":["post-571","post","type-post","status-publish","format-standard","has-post-thumbnail","hentry","category-pell","tag-2-en-1","tag-after-sun","tag-barcelona","tag-barcelona-cosmetics","tag-barcelona-mood","tag-cosmetica-barcelona","tag-cosmetica-mediterrania","tag-cosmetica-natural-barcelona","tag-cosmetica-wellness","tag-feel-mood-feel-good","tag-good-mood","tag-innovador","tag-mediterranean-cosmetics","tag-mood-natural-barcelona","tag-proteccio-solar","tag-protector-solar","tag-suncare-spray"],"acf":[],"yoast_head":"<!-- This site is optimized with the Yoast SEO plugin v24.7 - https:\/\/yoast.com\/wordpress\/plugins\/seo\/ -->\n<title>Cuida la teva pell i gaudeix del sol - Mood Natural Barcelona<\/title>\n<meta name=\"description\" content=\"Que la radiaci\u00f3 solar no et tregui les ganes de gaudir l&#039;estiu. Gr\u00e0cies a Mood Natural Barcelona, cuida la teva pell i gaudeix del sol sense preocupacions.\" \/>\n<meta name=\"robots\" content=\"index, follow, max-snippet:-1, max-image-preview:large, max-video-preview:-1\" \/>\n<link rel=\"canonical\" href=\"https:\/\/www.moodnatural.com\/ca\/2015\/06\/12\/cuida-teva-pell-gaudeix-sol\/\" \/>\n<meta property=\"og:locale\" content=\"ca_ES\" \/>\n<meta property=\"og:type\" content=\"article\" \/>\n<meta property=\"og:title\" content=\"Cuida la teva pell i gaudeix del sol - Mood Natural Barcelona\" \/>\n<meta property=\"og:description\" content=\"Que la radiaci\u00f3 solar no et tregui les ganes de gaudir l&#039;estiu. Gr\u00e0cies a Mood Natural Barcelona, cuida la teva pell i gaudeix del sol sense preocupacions.\" \/>\n<meta property=\"og:url\" content=\"https:\/\/www.moodnatural.com\/ca\/2015\/06\/12\/cuida-teva-pell-gaudeix-sol\/\" \/>\n<meta property=\"og:site_name\" content=\"Mood Natural\" \/>\n<meta property=\"article:published_time\" content=\"2015-06-12T10:57:30+00:00\" \/>\n<meta property=\"article:modified_time\" content=\"2020-01-03T14:58:34+00:00\" \/>\n<meta property=\"og:image\" content=\"https:\/\/www.moodnatural.com\/wp-content\/uploads\/2015\/06\/21-SunCare006-web-1024x1024.jpg\" \/>\n\t<meta property=\"og:image:width\" content=\"1024\" \/>\n\t<meta property=\"og:image:height\" content=\"1024\" \/>\n\t<meta property=\"og:image:type\" content=\"image\/jpeg\" \/>\n<meta name=\"author\" content=\"jordi\" \/>\n<meta name=\"twitter:card\" content=\"summary_large_image\" \/>\n<meta name=\"twitter:label1\" content=\"Escrit per\" \/>\n\t<meta name=\"twitter:data1\" content=\"jordi\" \/>\n\t<meta name=\"twitter:label2\" content=\"Temps estimat de lectura\" \/>\n\t<meta name=\"twitter:data2\" content=\"3 minuts\" \/>\n<script type=\"application\/ld+json\" class=\"yoast-schema-graph\">{\"@context\":\"https:\/\/schema.org\",\"@graph\":[{\"@type\":\"Article\",\"@id\":\"https:\/\/www.moodnatural.com\/ca\/2015\/06\/12\/cuida-teva-pell-gaudeix-sol\/#article\",\"isPartOf\":{\"@id\":\"https:\/\/www.moodnatural.com\/ca\/2015\/06\/12\/cuida-teva-pell-gaudeix-sol\/\"},\"author\":{\"name\":\"jordi\",\"@id\":\"https:\/\/www.moodnatural.com\/ca\/#\/schema\/person\/1c544f5ff43b5d545961cda75f0266f2\"},\"headline\":\"Cuida la teva pell i gaudeix del sol\",\"datePublished\":\"2015-06-12T10:57:30+00:00\",\"dateModified\":\"2020-01-03T14:58:34+00:00\",\"mainEntityOfPage\":{\"@id\":\"https:\/\/www.moodnatural.com\/ca\/2015\/06\/12\/cuida-teva-pell-gaudeix-sol\/\"},\"wordCount\":536,\"publisher\":{\"@id\":\"https:\/\/www.moodnatural.com\/ca\/#organization\"},\"image\":{\"@id\":\"https:\/\/www.moodnatural.com\/ca\/2015\/06\/12\/cuida-teva-pell-gaudeix-sol\/#primaryimage\"},\"thumbnailUrl\":\"https:\/\/www.moodnatural.com\/wp-content\/uploads\/2015\/06\/21-SunCare006-web-1024x1024.jpg\",\"keywords\":[\"2 en 1\",\"after sun\",\"barcelona\",\"barcelona cosmetics\",\"barcelona mood\",\"cosm\u00e8tica barcelona\",\"Cosm\u00e8tica mediterr\u00e0nia\",\"cosm\u00e8tica natural barcelona\",\"cosm\u00e8tica wellness\",\"feel mood feel good\",\"good mood\",\"innovador\",\"mediterranean cosmetics\",\"mood natural barcelona\",\"protecci\u00f3 solar\",\"protector solar\",\"suncare spray\"],\"articleSection\":[\"Pell\"],\"inLanguage\":\"ca\"},{\"@type\":\"WebPage\",\"@id\":\"https:\/\/www.moodnatural.com\/ca\/2015\/06\/12\/cuida-teva-pell-gaudeix-sol\/\",\"url\":\"https:\/\/www.moodnatural.com\/ca\/2015\/06\/12\/cuida-teva-pell-gaudeix-sol\/\",\"name\":\"Cuida la teva pell i gaudeix del sol - Mood Natural Barcelona\",\"isPartOf\":{\"@id\":\"https:\/\/www.moodnatural.com\/ca\/#website\"},\"primaryImageOfPage\":{\"@id\":\"https:\/\/www.moodnatural.com\/ca\/2015\/06\/12\/cuida-teva-pell-gaudeix-sol\/#primaryimage\"},\"image\":{\"@id\":\"https:\/\/www.moodnatural.com\/ca\/2015\/06\/12\/cuida-teva-pell-gaudeix-sol\/#primaryimage\"},\"thumbnailUrl\":\"https:\/\/www.moodnatural.com\/wp-content\/uploads\/2015\/06\/21-SunCare006-web-1024x1024.jpg\",\"datePublished\":\"2015-06-12T10:57:30+00:00\",\"dateModified\":\"2020-01-03T14:58:34+00:00\",\"description\":\"Que la radiaci\u00f3 solar no et tregui les ganes de gaudir l'estiu. Gr\u00e0cies a Mood Natural Barcelona, cuida la teva pell i gaudeix del sol sense preocupacions.\",\"breadcrumb\":{\"@id\":\"https:\/\/www.moodnatural.com\/ca\/2015\/06\/12\/cuida-teva-pell-gaudeix-sol\/#breadcrumb\"},\"inLanguage\":\"ca\",\"potentialAction\":[{\"@type\":\"ReadAction\",\"target\":[\"https:\/\/www.moodnatural.com\/ca\/2015\/06\/12\/cuida-teva-pell-gaudeix-sol\/\"]}]},{\"@type\":\"ImageObject\",\"inLanguage\":\"ca\",\"@id\":\"https:\/\/www.moodnatural.com\/ca\/2015\/06\/12\/cuida-teva-pell-gaudeix-sol\/#primaryimage\",\"url\":\"https:\/\/www.moodnatural.com\/wp-content\/uploads\/2015\/06\/21-SunCare006-web-1024x1024.jpg\",\"contentUrl\":\"https:\/\/www.moodnatural.com\/wp-content\/uploads\/2015\/06\/21-SunCare006-web-1024x1024.jpg\",\"width\":1024,\"height\":1024,\"caption\":\"Cuida la teva pell\"},{\"@type\":\"BreadcrumbList\",\"@id\":\"https:\/\/www.moodnatural.com\/ca\/2015\/06\/12\/cuida-teva-pell-gaudeix-sol\/#breadcrumb\",\"itemListElement\":[{\"@type\":\"ListItem\",\"position\":1,\"name\":\"Portada\",\"item\":\"https:\/\/www.moodnatural.com\/ca\/\"},{\"@type\":\"ListItem\",\"position\":2,\"name\":\"Cuida la teva pell i gaudeix del sol\"}]},{\"@type\":\"WebSite\",\"@id\":\"https:\/\/www.moodnatural.com\/ca\/#website\",\"url\":\"https:\/\/www.moodnatural.com\/ca\/\",\"name\":\"Mood Natural\",\"description\":\"Cosm\u00e9tica natural Barcelona\",\"publisher\":{\"@id\":\"https:\/\/www.moodnatural.com\/ca\/#organization\"},\"potentialAction\":[{\"@type\":\"SearchAction\",\"target\":{\"@type\":\"EntryPoint\",\"urlTemplate\":\"https:\/\/www.moodnatural.com\/ca\/?s={search_term_string}\"},\"query-input\":{\"@type\":\"PropertyValueSpecification\",\"valueRequired\":true,\"valueName\":\"search_term_string\"}}],\"inLanguage\":\"ca\"},{\"@type\":\"Organization\",\"@id\":\"https:\/\/www.moodnatural.com\/ca\/#organization\",\"name\":\"Mood Natural Barcelona\",\"url\":\"https:\/\/www.moodnatural.com\/ca\/\",\"logo\":{\"@type\":\"ImageObject\",\"inLanguage\":\"ca\",\"@id\":\"https:\/\/www.moodnatural.com\/ca\/#\/schema\/logo\/image\/\",\"url\":\"https:\/\/www.moodnatural.com\/wp-content\/uploads\/2017\/09\/logo-moodbarcelona-55.png\",\"contentUrl\":\"https:\/\/www.moodnatural.com\/wp-content\/uploads\/2017\/09\/logo-moodbarcelona-55.png\",\"width\":330,\"height\":55,\"caption\":\"Mood Natural Barcelona\"},\"image\":{\"@id\":\"https:\/\/www.moodnatural.com\/ca\/#\/schema\/logo\/image\/\"}},{\"@type\":\"Person\",\"@id\":\"https:\/\/www.moodnatural.com\/ca\/#\/schema\/person\/1c544f5ff43b5d545961cda75f0266f2\",\"name\":\"jordi\",\"image\":{\"@type\":\"ImageObject\",\"inLanguage\":\"ca\",\"@id\":\"https:\/\/www.moodnatural.com\/ca\/#\/schema\/person\/image\/\",\"url\":\"https:\/\/secure.gravatar.com\/avatar\/64ee57f098f38572a60fac7cc89c1a4e8fc17a850ca53ae642e23623210fc671?s=96&d=mm&r=g\",\"contentUrl\":\"https:\/\/secure.gravatar.com\/avatar\/64ee57f098f38572a60fac7cc89c1a4e8fc17a850ca53ae642e23623210fc671?s=96&d=mm&r=g\",\"caption\":\"jordi\"}}]}<\/script>\n<!-- \/ Yoast SEO plugin. -->","yoast_head_json":{"title":"Cuida la teva pell i gaudeix del sol - Mood Natural Barcelona","description":"Que la radiaci\u00f3 solar no et tregui les ganes de gaudir l'estiu. Gr\u00e0cies a Mood Natural Barcelona, cuida la teva pell i gaudeix del sol sense preocupacions.","robots":{"index":"index","follow":"follow","max-snippet":"max-snippet:-1","max-image-preview":"max-image-preview:large","max-video-preview":"max-video-preview:-1"},"canonical":"https:\/\/www.moodnatural.com\/ca\/2015\/06\/12\/cuida-teva-pell-gaudeix-sol\/","og_locale":"ca_ES","og_type":"article","og_title":"Cuida la teva pell i gaudeix del sol - Mood Natural Barcelona","og_description":"Que la radiaci\u00f3 solar no et tregui les ganes de gaudir l'estiu. Gr\u00e0cies a Mood Natural Barcelona, cuida la teva pell i gaudeix del sol sense preocupacions.","og_url":"https:\/\/www.moodnatural.com\/ca\/2015\/06\/12\/cuida-teva-pell-gaudeix-sol\/","og_site_name":"Mood Natural","article_published_time":"2015-06-12T10:57:30+00:00","article_modified_time":"2020-01-03T14:58:34+00:00","og_image":[{"width":1024,"height":1024,"url":"https:\/\/www.moodnatural.com\/wp-content\/uploads\/2015\/06\/21-SunCare006-web-1024x1024.jpg","type":"image\/jpeg"}],"author":"jordi","twitter_card":"summary_large_image","twitter_misc":{"Escrit per":"jordi","Temps estimat de lectura":"3 minuts"},"schema":{"@context":"https:\/\/schema.org","@graph":[{"@type":"Article","@id":"https:\/\/www.moodnatural.com\/ca\/2015\/06\/12\/cuida-teva-pell-gaudeix-sol\/#article","isPartOf":{"@id":"https:\/\/www.moodnatural.com\/ca\/2015\/06\/12\/cuida-teva-pell-gaudeix-sol\/"},"author":{"name":"jordi","@id":"https:\/\/www.moodnatural.com\/ca\/#\/schema\/person\/1c544f5ff43b5d545961cda75f0266f2"},"headline":"Cuida la teva pell i gaudeix del sol","datePublished":"2015-06-12T10:57:30+00:00","dateModified":"2020-01-03T14:58:34+00:00","mainEntityOfPage":{"@id":"https:\/\/www.moodnatural.com\/ca\/2015\/06\/12\/cuida-teva-pell-gaudeix-sol\/"},"wordCount":536,"publisher":{"@id":"https:\/\/www.moodnatural.com\/ca\/#organization"},"image":{"@id":"https:\/\/www.moodnatural.com\/ca\/2015\/06\/12\/cuida-teva-pell-gaudeix-sol\/#primaryimage"},"thumbnailUrl":"https:\/\/www.moodnatural.com\/wp-content\/uploads\/2015\/06\/21-SunCare006-web-1024x1024.jpg","keywords":["2 en 1","after sun","barcelona","barcelona cosmetics","barcelona mood","cosm\u00e8tica barcelona","Cosm\u00e8tica mediterr\u00e0nia","cosm\u00e8tica natural barcelona","cosm\u00e8tica wellness","feel mood feel good","good mood","innovador","mediterranean cosmetics","mood natural barcelona","protecci\u00f3 solar","protector solar","suncare spray"],"articleSection":["Pell"],"inLanguage":"ca"},{"@type":"WebPage","@id":"https:\/\/www.moodnatural.com\/ca\/2015\/06\/12\/cuida-teva-pell-gaudeix-sol\/","url":"https:\/\/www.moodnatural.com\/ca\/2015\/06\/12\/cuida-teva-pell-gaudeix-sol\/","name":"Cuida la teva pell i gaudeix del sol - Mood Natural Barcelona","isPartOf":{"@id":"https:\/\/www.moodnatural.com\/ca\/#website"},"primaryImageOfPage":{"@id":"https:\/\/www.moodnatural.com\/ca\/2015\/06\/12\/cuida-teva-pell-gaudeix-sol\/#primaryimage"},"image":{"@id":"https:\/\/www.moodnatural.com\/ca\/2015\/06\/12\/cuida-teva-pell-gaudeix-sol\/#primaryimage"},"thumbnailUrl":"https:\/\/www.moodnatural.com\/wp-content\/uploads\/2015\/06\/21-SunCare006-web-1024x1024.jpg","datePublished":"2015-06-12T10:57:30+00:00","dateModified":"2020-01-03T14:58:34+00:00","description":"Que la radiaci\u00f3 solar no et tregui les ganes de gaudir l'estiu. Gr\u00e0cies a Mood Natural Barcelona, cuida la teva pell i gaudeix del sol sense preocupacions.","breadcrumb":{"@id":"https:\/\/www.moodnatural.com\/ca\/2015\/06\/12\/cuida-teva-pell-gaudeix-sol\/#breadcrumb"},"inLanguage":"ca","potentialAction":[{"@type":"ReadAction","target":["https:\/\/www.moodnatural.com\/ca\/2015\/06\/12\/cuida-teva-pell-gaudeix-sol\/"]}]},{"@type":"ImageObject","inLanguage":"ca","@id":"https:\/\/www.moodnatural.com\/ca\/2015\/06\/12\/cuida-teva-pell-gaudeix-sol\/#primaryimage","url":"https:\/\/www.moodnatural.com\/wp-content\/uploads\/2015\/06\/21-SunCare006-web-1024x1024.jpg","contentUrl":"https:\/\/www.moodnatural.com\/wp-content\/uploads\/2015\/06\/21-SunCare006-web-1024x1024.jpg","width":1024,"height":1024,"caption":"Cuida la teva pell"},{"@type":"BreadcrumbList","@id":"https:\/\/www.moodnatural.com\/ca\/2015\/06\/12\/cuida-teva-pell-gaudeix-sol\/#breadcrumb","itemListElement":[{"@type":"ListItem","position":1,"name":"Portada","item":"https:\/\/www.moodnatural.com\/ca\/"},{"@type":"ListItem","position":2,"name":"Cuida la teva pell i gaudeix del sol"}]},{"@type":"WebSite","@id":"https:\/\/www.moodnatural.com\/ca\/#website","url":"https:\/\/www.moodnatural.com\/ca\/","name":"Mood Natural","description":"Cosm\u00e9tica natural Barcelona","publisher":{"@id":"https:\/\/www.moodnatural.com\/ca\/#organization"},"potentialAction":[{"@type":"SearchAction","target":{"@type":"EntryPoint","urlTemplate":"https:\/\/www.moodnatural.com\/ca\/?s={search_term_string}"},"query-input":{"@type":"PropertyValueSpecification","valueRequired":true,"valueName":"search_term_string"}}],"inLanguage":"ca"},{"@type":"Organization","@id":"https:\/\/www.moodnatural.com\/ca\/#organization","name":"Mood Natural Barcelona","url":"https:\/\/www.moodnatural.com\/ca\/","logo":{"@type":"ImageObject","inLanguage":"ca","@id":"https:\/\/www.moodnatural.com\/ca\/#\/schema\/logo\/image\/","url":"https:\/\/www.moodnatural.com\/wp-content\/uploads\/2017\/09\/logo-moodbarcelona-55.png","contentUrl":"https:\/\/www.moodnatural.com\/wp-content\/uploads\/2017\/09\/logo-moodbarcelona-55.png","width":330,"height":55,"caption":"Mood Natural Barcelona"},"image":{"@id":"https:\/\/www.moodnatural.com\/ca\/#\/schema\/logo\/image\/"}},{"@type":"Person","@id":"https:\/\/www.moodnatural.com\/ca\/#\/schema\/person\/1c544f5ff43b5d545961cda75f0266f2","name":"jordi","image":{"@type":"ImageObject","inLanguage":"ca","@id":"https:\/\/www.moodnatural.com\/ca\/#\/schema\/person\/image\/","url":"https:\/\/secure.gravatar.com\/avatar\/64ee57f098f38572a60fac7cc89c1a4e8fc17a850ca53ae642e23623210fc671?s=96&d=mm&r=g","contentUrl":"https:\/\/secure.gravatar.com\/avatar\/64ee57f098f38572a60fac7cc89c1a4e8fc17a850ca53ae642e23623210fc671?s=96&d=mm&r=g","caption":"jordi"}}]}},"_links":{"self":[{"href":"https:\/\/www.moodnatural.com\/ca\/wp-json\/wp\/v2\/posts\/571","targetHints":{"allow":["GET"]}}],"collection":[{"href":"https:\/\/www.moodnatural.com\/ca\/wp-json\/wp\/v2\/posts"}],"about":[{"href":"https:\/\/www.moodnatural.com\/ca\/wp-json\/wp\/v2\/types\/post"}],"author":[{"embeddable":true,"href":"https:\/\/www.moodnatural.com\/ca\/wp-json\/wp\/v2\/users\/1"}],"replies":[{"embeddable":true,"href":"https:\/\/www.moodnatural.com\/ca\/wp-json\/wp\/v2\/comments?post=571"}],"version-history":[{"count":0,"href":"https:\/\/www.moodnatural.com\/ca\/wp-json\/wp\/v2\/posts\/571\/revisions"}],"wp:featuredmedia":[{"embeddable":true,"href":"https:\/\/www.moodnatural.com\/ca\/wp-json\/wp\/v2\/media\/573"}],"wp:attachment":[{"href":"https:\/\/www.moodnatural.com\/ca\/wp-json\/wp\/v2\/media?parent=571"}],"wp:term":[{"taxonomy":"category","embeddable":true,"href":"https:\/\/www.moodnatural.com\/ca\/wp-json\/wp\/v2\/categories?post=571"},{"taxonomy":"post_tag","embeddable":true,"href":"https:\/\/www.moodnatural.com\/ca\/wp-json\/wp\/v2\/tags?post=571"}],"curies":[{"name":"wp","href":"https:\/\/api.w.org\/{rel}","templated":true}]}}