{"id":557,"date":"2015-04-06T11:46:23","date_gmt":"2015-04-06T10:46:23","guid":{"rendered":"http:\/\/milimetricserver.com\/moodnatural\/?p=557"},"modified":"2020-01-03T16:10:44","modified_gmt":"2020-01-03T15:10:44","slug":"lestres-nota-pell-combatrel","status":"publish","type":"post","link":"https:\/\/www.moodnatural.com\/ca\/2015\/04\/06\/lestres-nota-pell-combatrel\/","title":{"rendered":"L\u2019estr\u00e8s a la pell es nota. Com combatre\u2019l?"},"content":{"rendered":"<p>Sabies que l\u2019estr\u00e8s tamb\u00e9 pot afectar la nostra pell? A Mood Natural Barcelona et diem com pots combatre\u2019l.<\/p>\n<p>\u00c9s inevitable que el nostre cos senti l\u2019estr\u00e8s del dia a dia, \u00e9s una reacci\u00f3 fisiol\u00f2gica del nostre cos, \u00e9s la suma de les reaccions fisiol\u00f2giques davant els est\u00edmuls adversos, f\u00edsics, mentals o emocionals, interns o externs, que tendeixen a alterar la home\u00f2stasi de l\u2019organisme, augmenten la vulnerabilitat de la pell i acceleren el proc\u00e9s d\u2019envelliment.<\/p>\n<p>La nostra pell \u00e9s l\u2019\u00f2rgan m\u00e9s extens de l\u2019organisme, i constitueix la nostra primera barrera de defensa; es troba en comunicaci\u00f3 constant amb la resta del nostre cos a trav\u00e9s de missatgers que transmeten la informaci\u00f3 entre la pell i el sistema nervi\u00f3s, s\u00f3n subst\u00e0ncies qu\u00edmiques que es denominen neurotransmissors. Aquests missatgers es fabriquen a diferents parts del cos, inclosa la pell. Per aquest motiu, les c\u00e8l\u00b7lules i les terminacions nervioses de la dermis estan informades en tot moment de l\u2019estat emocional del nostre cos. Quan ens estressem, la nostra pell ho sent, acumula toxines i es nota m\u00e9s apagada i amb impureses, apareixen picors i augmenten els granets degut a que el nostre sistema de defensa es debilita, incrementen els nivells en sang de diferents hormones que estimulen l\u2019activitat de les gl\u00e0ndules seb\u00e0cies i la pell t\u00e9 una tend\u00e8ncia greixosa i s\u2019accelera el proc\u00e9s d\u2019envelliment.<\/p>\n<p>A Mood Natural Barcelona hem dissenyat i formulat un producte per ajudar-te a combatre l\u2019estr\u00e8s: el nostre <a href=\"https:\/\/www.moodnatural.com\/ca\/producte\/serum-combo-antistress-antiestres-i-calmant\/\" target=\"_blank\" rel=\"noopener noreferrer\">s\u00e8rum Combo Antistress+<\/a>, inspirat en el coneixement de les herbes i les plantes medicinals i curatives. Basat en el poder cosm\u00e8tic dels olis, la composici\u00f3 del <a href=\"https:\/\/www.moodnatural.com\/ca\/producte\/serum-combo-antistress-antiestres-i-calmant\/\" target=\"_blank\" rel=\"noopener noreferrer\">s\u00e8rum Combo Antistress+<\/a> \u00e9s un concentrat d\u2019actius amb 3 ingredients calmants i antiestr\u00e8s.<\/p>\n<p><u>L\u2019oli essencial d\u2019esp\u00edgol<\/u> (lavanda) des de l\u2019antiguitat ha estat utilitzat com a relaxant. \u00c9s ric en \u00e8sters i alcohols amb propietats calmants i sedants. Tamb\u00e9 t\u00e9 propietats antis\u00e8ptiques que el\u00a0fan molt efica\u00e7 pel tractament de les lesions de la pell. Pel seu alt contingut en tanins, li proporciona propietats astringents molt interessants per prevenir l\u2019exc\u00e9s de greix a la pell. Tamb\u00e9 ajuda a alleujar els dolors articulars.<\/p>\n<p><u>L\u2019oli essencial de llimona<\/u>, pel seu alt contingut en vitamina C i alfa terpineol, t\u00e9 excel\u00b7lents propietats cicatritzants, ajuda a combatre les impureses de la pell i ajuda a alleujar els dolors articulars.<\/p>\n<p>I l\u2019<u>extracte de camamilla (bisabolol)<\/u> fam\u00f3s per les seves propietats calmants, tamb\u00e9 \u00e9s ric en muc\u00edlags que li donen una activitat reparadora de les afeccions de la pell. Exerceix una funci\u00f3 sedant suau.<\/p>\n<p>Deixa\u2019t mimar, cuidar i alleujar l\u2019estr\u00e8s finalitzant el teu dia amb un massatge amb el nostre <a href=\"https:\/\/www.moodnatural.com\/ca\/producte\/serum-combo-antistress-antiestres-i-calmant\/\" target=\"_blank\" rel=\"noopener noreferrer\">s\u00e8rum Combo Antistress+<\/a> estimulant les terminacions nervioses i embolcallant-te en una sensaci\u00f3 de benestar i una aroma agradable i relaxant, ja sigui despr\u00e9s d\u2019un llarg dia de feina, quan et sents cansat\/da o despr\u00e9s de la teva rutina d\u2019exercici diari, pots aplicar-lo a la teva crema Source of Happiness o utilitzar-lo pur per un massatge complert antiestr\u00e8s.<\/p>\n<h4><img loading=\"lazy\" decoding=\"async\" class=\"aligncenter wp-image-379\" src=\"https:\/\/www.moodnatural.com\/wp-content\/uploads\/2017\/07\/COMBO-ANTISTRESS-550-2wvpg3nk6kv4bj34h575e2.png\" alt=\"estr\u00e8s a la pell\" width=\"435\" height=\"290\" srcset=\"https:\/\/www.moodnatural.com\/wp-content\/uploads\/2017\/07\/COMBO-ANTISTRESS-550-2wvpg3nk6kv4bj34h575e2.png 825w, https:\/\/www.moodnatural.com\/wp-content\/uploads\/2017\/07\/COMBO-ANTISTRESS-550-2wvpg3nk6kv4bj34h575e2-600x400.png 600w, https:\/\/www.moodnatural.com\/wp-content\/uploads\/2017\/07\/COMBO-ANTISTRESS-550-2wvpg3nk6kv4bj34h575e2-300x200.png 300w, https:\/\/www.moodnatural.com\/wp-content\/uploads\/2017\/07\/COMBO-ANTISTRESS-550-2wvpg3nk6kv4bj34h575e2-768x512.png 768w\" sizes=\"auto, (max-width: 435px) 100vw, 435px\" \/><\/h4>\n<h4>A Mood Natural Barcelona et volem donar diverses eines per ajudar-te a combatre l\u2019estr\u00e8s:<\/h4>\n<ul>\n<li>Incorpora a la teva rutina de bellesa di\u00e0ria productes d\u2019higiene que t\u2019ajudin a combatre els efectes de la contaminaci\u00f3 i la pol\u00b7luci\u00f3 com la nostra <a href=\"https:\/\/www.moodnatural.com\/ca\/producte\/urban-detox-aigua-micel%e2%80%a2lar\/\">aigua micel\u00b7lar Urban Detox<\/a>.<\/li>\n<li>Acaba el teu dia amb un massatge relaxant amb el s\u00e8rum Combo Antistress+.<\/li>\n<li>Incorpora una rutina d\u2019exercici diari al teu dia a dia com a m\u00ednim de 45 minuts per ajudar-te a alliberar tensions.<\/li>\n<li>Segueix una dieta equilibrada i mediterr\u00e0nia que t\u2019ajudi a sentir-te b\u00e9 per dins i per fora.<\/li>\n<\/ul>\n<p>Atreveix-te a sentir l\u2019efecte Mood!<\/p>\n","protected":false},"excerpt":{"rendered":"<p>Sabies que l\u2019estr\u00e8s tamb\u00e9 pot afectar la nostra pell? A Mood Natural Barcelona et diem com pots combatre\u2019l. \u00c9s inevitable que el nostre cos senti l\u2019estr\u00e8s del dia a dia,<\/p>\n","protected":false},"author":1,"featured_media":558,"comment_status":"closed","ping_status":"closed","sticky":false,"template":"","format":"standard","meta":{"_acf_changed":false,"footnotes":""},"categories":[5],"tags":[63,64,45,14,65,66,60,15,39,16,67,68,69,70,71,19,20,21,72,73,74],"class_list":["post-557","post","type-post","status-publish","format-standard","has-post-thumbnail","hentry","category-anima","tag-antiestres","tag-antistress","tag-barcelona","tag-barcelona-mood","tag-bisabolol","tag-bon-humor","tag-cosmetica","tag-cosmetica-barcelona","tag-cosmetica-natural","tag-cosmetica-natural-barcelona","tag-espigol","tag-estres","tag-lavanda","tag-lavender","tag-llimona","tag-mood-natural","tag-mood-natural-barcelona","tag-natural-mood","tag-oli-essencial-despigol","tag-oli-essencial-de-llimona","tag-stress"],"acf":[],"yoast_head":"<!-- This site is optimized with the Yoast SEO plugin v24.7 - https:\/\/yoast.com\/wordpress\/plugins\/seo\/ -->\n<title>L\u2019estr\u00e8s a la pell es nota. Com combatre\u2019l? - Mood Natural Barcelona<\/title>\n<meta name=\"description\" content=\"L&#039;estr\u00e8s a la pell fa que augmenti la vulnerabilitat de la mateixa i n&#039;accelera el proc\u00e9s d&#039;envelliment. Cuida&#039;t amb Mood Natural Barcelona.\" \/>\n<meta name=\"robots\" content=\"index, follow, max-snippet:-1, max-image-preview:large, max-video-preview:-1\" \/>\n<link rel=\"canonical\" href=\"https:\/\/www.moodnatural.com\/ca\/2015\/04\/06\/lestres-nota-pell-combatrel\/\" \/>\n<meta property=\"og:locale\" content=\"ca_ES\" \/>\n<meta property=\"og:type\" content=\"article\" \/>\n<meta property=\"og:title\" content=\"L\u2019estr\u00e8s a la pell es nota. Com combatre\u2019l? - Mood Natural Barcelona\" \/>\n<meta property=\"og:description\" content=\"L&#039;estr\u00e8s a la pell fa que augmenti la vulnerabilitat de la mateixa i n&#039;accelera el proc\u00e9s d&#039;envelliment. Cuida&#039;t amb Mood Natural Barcelona.\" \/>\n<meta property=\"og:url\" content=\"https:\/\/www.moodnatural.com\/ca\/2015\/04\/06\/lestres-nota-pell-combatrel\/\" \/>\n<meta property=\"og:site_name\" content=\"Mood Natural\" \/>\n<meta property=\"article:published_time\" content=\"2015-04-06T10:46:23+00:00\" \/>\n<meta property=\"article:modified_time\" content=\"2020-01-03T15:10:44+00:00\" \/>\n<meta property=\"og:image\" content=\"https:\/\/www.moodnatural.com\/wp-content\/uploads\/2017\/08\/15-mnb_antistress.jpg\" \/>\n\t<meta property=\"og:image:width\" content=\"700\" \/>\n\t<meta property=\"og:image:height\" content=\"466\" \/>\n\t<meta property=\"og:image:type\" content=\"image\/jpeg\" \/>\n<meta name=\"author\" content=\"jordi\" \/>\n<meta name=\"twitter:card\" content=\"summary_large_image\" \/>\n<meta name=\"twitter:label1\" content=\"Escrit per\" \/>\n\t<meta name=\"twitter:data1\" content=\"jordi\" \/>\n\t<meta name=\"twitter:label2\" content=\"Temps estimat de lectura\" \/>\n\t<meta name=\"twitter:data2\" content=\"3 minuts\" \/>\n<script type=\"application\/ld+json\" class=\"yoast-schema-graph\">{\"@context\":\"https:\/\/schema.org\",\"@graph\":[{\"@type\":\"Article\",\"@id\":\"https:\/\/www.moodnatural.com\/ca\/2015\/04\/06\/lestres-nota-pell-combatrel\/#article\",\"isPartOf\":{\"@id\":\"https:\/\/www.moodnatural.com\/ca\/2015\/04\/06\/lestres-nota-pell-combatrel\/\"},\"author\":{\"name\":\"jordi\",\"@id\":\"https:\/\/www.moodnatural.com\/ca\/#\/schema\/person\/1c544f5ff43b5d545961cda75f0266f2\"},\"headline\":\"L\u2019estr\u00e8s a la pell es nota. Com combatre\u2019l?\",\"datePublished\":\"2015-04-06T10:46:23+00:00\",\"dateModified\":\"2020-01-03T15:10:44+00:00\",\"mainEntityOfPage\":{\"@id\":\"https:\/\/www.moodnatural.com\/ca\/2015\/04\/06\/lestres-nota-pell-combatrel\/\"},\"wordCount\":664,\"publisher\":{\"@id\":\"https:\/\/www.moodnatural.com\/ca\/#organization\"},\"image\":{\"@id\":\"https:\/\/www.moodnatural.com\/ca\/2015\/04\/06\/lestres-nota-pell-combatrel\/#primaryimage\"},\"thumbnailUrl\":\"https:\/\/www.moodnatural.com\/wp-content\/uploads\/2017\/08\/15-mnb_antistress.jpg\",\"keywords\":[\"antiestr\u00e8s\",\"antistress\",\"barcelona\",\"barcelona mood\",\"bisabolol\",\"bon humor\",\"cosm\u00e8tica\",\"cosm\u00e8tica barcelona\",\"cosm\u00e8tica natural\",\"cosm\u00e8tica natural barcelona\",\"esp\u00edgol\",\"estr\u00e8s\",\"lavanda\",\"lavender\",\"llimona\",\"mood natural\",\"mood natural barcelona\",\"natural mood\",\"oli essencial d'esp\u00edgol\",\"oli essencial de llimona\",\"stress\"],\"articleSection\":[\"\u00c0nima\"],\"inLanguage\":\"ca\"},{\"@type\":\"WebPage\",\"@id\":\"https:\/\/www.moodnatural.com\/ca\/2015\/04\/06\/lestres-nota-pell-combatrel\/\",\"url\":\"https:\/\/www.moodnatural.com\/ca\/2015\/04\/06\/lestres-nota-pell-combatrel\/\",\"name\":\"L\u2019estr\u00e8s a la pell es nota. Com combatre\u2019l? - Mood Natural Barcelona\",\"isPartOf\":{\"@id\":\"https:\/\/www.moodnatural.com\/ca\/#website\"},\"primaryImageOfPage\":{\"@id\":\"https:\/\/www.moodnatural.com\/ca\/2015\/04\/06\/lestres-nota-pell-combatrel\/#primaryimage\"},\"image\":{\"@id\":\"https:\/\/www.moodnatural.com\/ca\/2015\/04\/06\/lestres-nota-pell-combatrel\/#primaryimage\"},\"thumbnailUrl\":\"https:\/\/www.moodnatural.com\/wp-content\/uploads\/2017\/08\/15-mnb_antistress.jpg\",\"datePublished\":\"2015-04-06T10:46:23+00:00\",\"dateModified\":\"2020-01-03T15:10:44+00:00\",\"description\":\"L'estr\u00e8s a la pell fa que augmenti la vulnerabilitat de la mateixa i n'accelera el proc\u00e9s d'envelliment. Cuida't amb Mood Natural Barcelona.\",\"breadcrumb\":{\"@id\":\"https:\/\/www.moodnatural.com\/ca\/2015\/04\/06\/lestres-nota-pell-combatrel\/#breadcrumb\"},\"inLanguage\":\"ca\",\"potentialAction\":[{\"@type\":\"ReadAction\",\"target\":[\"https:\/\/www.moodnatural.com\/ca\/2015\/04\/06\/lestres-nota-pell-combatrel\/\"]}]},{\"@type\":\"ImageObject\",\"inLanguage\":\"ca\",\"@id\":\"https:\/\/www.moodnatural.com\/ca\/2015\/04\/06\/lestres-nota-pell-combatrel\/#primaryimage\",\"url\":\"https:\/\/www.moodnatural.com\/wp-content\/uploads\/2017\/08\/15-mnb_antistress.jpg\",\"contentUrl\":\"https:\/\/www.moodnatural.com\/wp-content\/uploads\/2017\/08\/15-mnb_antistress.jpg\",\"width\":700,\"height\":466,\"caption\":\"estr\u00e8s a la pell\"},{\"@type\":\"BreadcrumbList\",\"@id\":\"https:\/\/www.moodnatural.com\/ca\/2015\/04\/06\/lestres-nota-pell-combatrel\/#breadcrumb\",\"itemListElement\":[{\"@type\":\"ListItem\",\"position\":1,\"name\":\"Portada\",\"item\":\"https:\/\/www.moodnatural.com\/ca\/\"},{\"@type\":\"ListItem\",\"position\":2,\"name\":\"L\u2019estr\u00e8s a la pell es nota. Com combatre\u2019l?\"}]},{\"@type\":\"WebSite\",\"@id\":\"https:\/\/www.moodnatural.com\/ca\/#website\",\"url\":\"https:\/\/www.moodnatural.com\/ca\/\",\"name\":\"Mood Natural\",\"description\":\"Cosm\u00e9tica natural Barcelona\",\"publisher\":{\"@id\":\"https:\/\/www.moodnatural.com\/ca\/#organization\"},\"potentialAction\":[{\"@type\":\"SearchAction\",\"target\":{\"@type\":\"EntryPoint\",\"urlTemplate\":\"https:\/\/www.moodnatural.com\/ca\/?s={search_term_string}\"},\"query-input\":{\"@type\":\"PropertyValueSpecification\",\"valueRequired\":true,\"valueName\":\"search_term_string\"}}],\"inLanguage\":\"ca\"},{\"@type\":\"Organization\",\"@id\":\"https:\/\/www.moodnatural.com\/ca\/#organization\",\"name\":\"Mood Natural Barcelona\",\"url\":\"https:\/\/www.moodnatural.com\/ca\/\",\"logo\":{\"@type\":\"ImageObject\",\"inLanguage\":\"ca\",\"@id\":\"https:\/\/www.moodnatural.com\/ca\/#\/schema\/logo\/image\/\",\"url\":\"https:\/\/www.moodnatural.com\/wp-content\/uploads\/2017\/09\/logo-moodbarcelona-55.png\",\"contentUrl\":\"https:\/\/www.moodnatural.com\/wp-content\/uploads\/2017\/09\/logo-moodbarcelona-55.png\",\"width\":330,\"height\":55,\"caption\":\"Mood Natural Barcelona\"},\"image\":{\"@id\":\"https:\/\/www.moodnatural.com\/ca\/#\/schema\/logo\/image\/\"}},{\"@type\":\"Person\",\"@id\":\"https:\/\/www.moodnatural.com\/ca\/#\/schema\/person\/1c544f5ff43b5d545961cda75f0266f2\",\"name\":\"jordi\",\"image\":{\"@type\":\"ImageObject\",\"inLanguage\":\"ca\",\"@id\":\"https:\/\/www.moodnatural.com\/ca\/#\/schema\/person\/image\/\",\"url\":\"https:\/\/secure.gravatar.com\/avatar\/64ee57f098f38572a60fac7cc89c1a4e8fc17a850ca53ae642e23623210fc671?s=96&d=mm&r=g\",\"contentUrl\":\"https:\/\/secure.gravatar.com\/avatar\/64ee57f098f38572a60fac7cc89c1a4e8fc17a850ca53ae642e23623210fc671?s=96&d=mm&r=g\",\"caption\":\"jordi\"}}]}<\/script>\n<!-- \/ Yoast SEO plugin. -->","yoast_head_json":{"title":"L\u2019estr\u00e8s a la pell es nota. Com combatre\u2019l? - Mood Natural Barcelona","description":"L'estr\u00e8s a la pell fa que augmenti la vulnerabilitat de la mateixa i n'accelera el proc\u00e9s d'envelliment. Cuida't amb Mood Natural Barcelona.","robots":{"index":"index","follow":"follow","max-snippet":"max-snippet:-1","max-image-preview":"max-image-preview:large","max-video-preview":"max-video-preview:-1"},"canonical":"https:\/\/www.moodnatural.com\/ca\/2015\/04\/06\/lestres-nota-pell-combatrel\/","og_locale":"ca_ES","og_type":"article","og_title":"L\u2019estr\u00e8s a la pell es nota. Com combatre\u2019l? - Mood Natural Barcelona","og_description":"L'estr\u00e8s a la pell fa que augmenti la vulnerabilitat de la mateixa i n'accelera el proc\u00e9s d'envelliment. Cuida't amb Mood Natural Barcelona.","og_url":"https:\/\/www.moodnatural.com\/ca\/2015\/04\/06\/lestres-nota-pell-combatrel\/","og_site_name":"Mood Natural","article_published_time":"2015-04-06T10:46:23+00:00","article_modified_time":"2020-01-03T15:10:44+00:00","og_image":[{"width":700,"height":466,"url":"https:\/\/www.moodnatural.com\/wp-content\/uploads\/2017\/08\/15-mnb_antistress.jpg","type":"image\/jpeg"}],"author":"jordi","twitter_card":"summary_large_image","twitter_misc":{"Escrit per":"jordi","Temps estimat de lectura":"3 minuts"},"schema":{"@context":"https:\/\/schema.org","@graph":[{"@type":"Article","@id":"https:\/\/www.moodnatural.com\/ca\/2015\/04\/06\/lestres-nota-pell-combatrel\/#article","isPartOf":{"@id":"https:\/\/www.moodnatural.com\/ca\/2015\/04\/06\/lestres-nota-pell-combatrel\/"},"author":{"name":"jordi","@id":"https:\/\/www.moodnatural.com\/ca\/#\/schema\/person\/1c544f5ff43b5d545961cda75f0266f2"},"headline":"L\u2019estr\u00e8s a la pell es nota. Com combatre\u2019l?","datePublished":"2015-04-06T10:46:23+00:00","dateModified":"2020-01-03T15:10:44+00:00","mainEntityOfPage":{"@id":"https:\/\/www.moodnatural.com\/ca\/2015\/04\/06\/lestres-nota-pell-combatrel\/"},"wordCount":664,"publisher":{"@id":"https:\/\/www.moodnatural.com\/ca\/#organization"},"image":{"@id":"https:\/\/www.moodnatural.com\/ca\/2015\/04\/06\/lestres-nota-pell-combatrel\/#primaryimage"},"thumbnailUrl":"https:\/\/www.moodnatural.com\/wp-content\/uploads\/2017\/08\/15-mnb_antistress.jpg","keywords":["antiestr\u00e8s","antistress","barcelona","barcelona mood","bisabolol","bon humor","cosm\u00e8tica","cosm\u00e8tica barcelona","cosm\u00e8tica natural","cosm\u00e8tica natural barcelona","esp\u00edgol","estr\u00e8s","lavanda","lavender","llimona","mood natural","mood natural barcelona","natural mood","oli essencial d'esp\u00edgol","oli essencial de llimona","stress"],"articleSection":["\u00c0nima"],"inLanguage":"ca"},{"@type":"WebPage","@id":"https:\/\/www.moodnatural.com\/ca\/2015\/04\/06\/lestres-nota-pell-combatrel\/","url":"https:\/\/www.moodnatural.com\/ca\/2015\/04\/06\/lestres-nota-pell-combatrel\/","name":"L\u2019estr\u00e8s a la pell es nota. Com combatre\u2019l? - Mood Natural Barcelona","isPartOf":{"@id":"https:\/\/www.moodnatural.com\/ca\/#website"},"primaryImageOfPage":{"@id":"https:\/\/www.moodnatural.com\/ca\/2015\/04\/06\/lestres-nota-pell-combatrel\/#primaryimage"},"image":{"@id":"https:\/\/www.moodnatural.com\/ca\/2015\/04\/06\/lestres-nota-pell-combatrel\/#primaryimage"},"thumbnailUrl":"https:\/\/www.moodnatural.com\/wp-content\/uploads\/2017\/08\/15-mnb_antistress.jpg","datePublished":"2015-04-06T10:46:23+00:00","dateModified":"2020-01-03T15:10:44+00:00","description":"L'estr\u00e8s a la pell fa que augmenti la vulnerabilitat de la mateixa i n'accelera el proc\u00e9s d'envelliment. Cuida't amb Mood Natural Barcelona.","breadcrumb":{"@id":"https:\/\/www.moodnatural.com\/ca\/2015\/04\/06\/lestres-nota-pell-combatrel\/#breadcrumb"},"inLanguage":"ca","potentialAction":[{"@type":"ReadAction","target":["https:\/\/www.moodnatural.com\/ca\/2015\/04\/06\/lestres-nota-pell-combatrel\/"]}]},{"@type":"ImageObject","inLanguage":"ca","@id":"https:\/\/www.moodnatural.com\/ca\/2015\/04\/06\/lestres-nota-pell-combatrel\/#primaryimage","url":"https:\/\/www.moodnatural.com\/wp-content\/uploads\/2017\/08\/15-mnb_antistress.jpg","contentUrl":"https:\/\/www.moodnatural.com\/wp-content\/uploads\/2017\/08\/15-mnb_antistress.jpg","width":700,"height":466,"caption":"estr\u00e8s a la pell"},{"@type":"BreadcrumbList","@id":"https:\/\/www.moodnatural.com\/ca\/2015\/04\/06\/lestres-nota-pell-combatrel\/#breadcrumb","itemListElement":[{"@type":"ListItem","position":1,"name":"Portada","item":"https:\/\/www.moodnatural.com\/ca\/"},{"@type":"ListItem","position":2,"name":"L\u2019estr\u00e8s a la pell es nota. Com combatre\u2019l?"}]},{"@type":"WebSite","@id":"https:\/\/www.moodnatural.com\/ca\/#website","url":"https:\/\/www.moodnatural.com\/ca\/","name":"Mood Natural","description":"Cosm\u00e9tica natural Barcelona","publisher":{"@id":"https:\/\/www.moodnatural.com\/ca\/#organization"},"potentialAction":[{"@type":"SearchAction","target":{"@type":"EntryPoint","urlTemplate":"https:\/\/www.moodnatural.com\/ca\/?s={search_term_string}"},"query-input":{"@type":"PropertyValueSpecification","valueRequired":true,"valueName":"search_term_string"}}],"inLanguage":"ca"},{"@type":"Organization","@id":"https:\/\/www.moodnatural.com\/ca\/#organization","name":"Mood Natural Barcelona","url":"https:\/\/www.moodnatural.com\/ca\/","logo":{"@type":"ImageObject","inLanguage":"ca","@id":"https:\/\/www.moodnatural.com\/ca\/#\/schema\/logo\/image\/","url":"https:\/\/www.moodnatural.com\/wp-content\/uploads\/2017\/09\/logo-moodbarcelona-55.png","contentUrl":"https:\/\/www.moodnatural.com\/wp-content\/uploads\/2017\/09\/logo-moodbarcelona-55.png","width":330,"height":55,"caption":"Mood Natural Barcelona"},"image":{"@id":"https:\/\/www.moodnatural.com\/ca\/#\/schema\/logo\/image\/"}},{"@type":"Person","@id":"https:\/\/www.moodnatural.com\/ca\/#\/schema\/person\/1c544f5ff43b5d545961cda75f0266f2","name":"jordi","image":{"@type":"ImageObject","inLanguage":"ca","@id":"https:\/\/www.moodnatural.com\/ca\/#\/schema\/person\/image\/","url":"https:\/\/secure.gravatar.com\/avatar\/64ee57f098f38572a60fac7cc89c1a4e8fc17a850ca53ae642e23623210fc671?s=96&d=mm&r=g","contentUrl":"https:\/\/secure.gravatar.com\/avatar\/64ee57f098f38572a60fac7cc89c1a4e8fc17a850ca53ae642e23623210fc671?s=96&d=mm&r=g","caption":"jordi"}}]}},"_links":{"self":[{"href":"https:\/\/www.moodnatural.com\/ca\/wp-json\/wp\/v2\/posts\/557","targetHints":{"allow":["GET"]}}],"collection":[{"href":"https:\/\/www.moodnatural.com\/ca\/wp-json\/wp\/v2\/posts"}],"about":[{"href":"https:\/\/www.moodnatural.com\/ca\/wp-json\/wp\/v2\/types\/post"}],"author":[{"embeddable":true,"href":"https:\/\/www.moodnatural.com\/ca\/wp-json\/wp\/v2\/users\/1"}],"replies":[{"embeddable":true,"href":"https:\/\/www.moodnatural.com\/ca\/wp-json\/wp\/v2\/comments?post=557"}],"version-history":[{"count":0,"href":"https:\/\/www.moodnatural.com\/ca\/wp-json\/wp\/v2\/posts\/557\/revisions"}],"wp:featuredmedia":[{"embeddable":true,"href":"https:\/\/www.moodnatural.com\/ca\/wp-json\/wp\/v2\/media\/558"}],"wp:attachment":[{"href":"https:\/\/www.moodnatural.com\/ca\/wp-json\/wp\/v2\/media?parent=557"}],"wp:term":[{"taxonomy":"category","embeddable":true,"href":"https:\/\/www.moodnatural.com\/ca\/wp-json\/wp\/v2\/categories?post=557"},{"taxonomy":"post_tag","embeddable":true,"href":"https:\/\/www.moodnatural.com\/ca\/wp-json\/wp\/v2\/tags?post=557"}],"curies":[{"name":"wp","href":"https:\/\/api.w.org\/{rel}","templated":true}]}}