{"id":554,"date":"2015-03-29T11:30:00","date_gmt":"2015-03-29T10:30:00","guid":{"rendered":"http:\/\/milimetricserver.com\/moodnatural\/?p=554"},"modified":"2020-01-03T16:14:37","modified_gmt":"2020-01-03T15:14:37","slug":"contaminacio-afecta-teva-pell","status":"publish","type":"post","link":"https:\/\/www.moodnatural.com\/ca\/2015\/03\/29\/contaminacio-afecta-teva-pell\/","title":{"rendered":"La contaminaci\u00f3 afecta la teva pell"},"content":{"rendered":"<p><strong>Vols protegir la teva pell dels efectes negatius de la pol\u00b7luci\u00f3, els contaminants i els radicals lliures?<\/strong>\u00a0<strong>A Mood Natural Barcelona t\u2019expliquem com pots fer-ho\u2026 Segueix llegint i ho descobrir\u00e0s.<\/strong><\/p>\n<p>Cada dia la nostra pell est\u00e0 exposada a la pol\u00b7luci\u00f3 (contaminants ambientals), fet que pot ocasionar diferents reaccions com ara\u00a0<strong>envermelliment i irritaci\u00f3, sequedat i envelliment prematur de la pell.<\/strong>\u00a0Tot aix\u00f2 ve causat per l\u2019efecte dels radicals lliures, els gasos contaminants i els metalls pesats, els quals interfereixen en el metabolisme de minerals que s\u00f3n essencials pel nostre organisme i pell, inactivant nombrosos processos enzim\u00e0tics i intervenint en processos de liperoxidaci\u00f3 inestabilitzant les membranes cel\u00b7lulars. A m\u00e9s s\u2019hi sumen els efectes nocius dels radicals lliures deguts a l\u2019exposici\u00f3 dels raigs UV provinents de la radiaci\u00f3 solar, que ja tothom coneix.<\/p>\n<h4>A Mood Natural Barcelona t\u2019oferim tres productes que t\u2019ajudaran a combatre els efectes nocius dels contaminants ambientals sobre la pell: <a href=\"https:\/\/www.moodnatural.com\/ca\/producte\/urban-detox-aigua-micel%e2%80%a2lar\/\">l\u2019aigua micel\u00b7lar Urban Detox<\/a>, la crema facial <a href=\"https:\/\/www.moodnatural.com\/ca\/producte\/crema-facial-diaria\/\">Source of Happiness <\/a>i el nostre <a href=\"https:\/\/www.moodnatural.com\/ca\/producte\/serum-combo-regenera-regenerador-i-antiedat\/\">s\u00e8rum Combo Antiox+<\/a><\/h4>\n<p><a href=\"https:\/\/www.moodnatural.com\/productes\/urban-detox-aigua-micel%c2%b7lar\/\">L\u2019<strong>aigua micel\u00b7lar Urban Detox<\/strong><\/a>, a m\u00e9s de desmaquillar, netejar i tonificar, gr\u00e0cies a la incorporaci\u00f3 a la f\u00f3rmula del complex Bio Protect amb extractes de ginseng, poma, pr\u00e9ssec, blat i civada,\u00a0ha estat especialment formulada per actuar de tres maneres sobre la contaminaci\u00f3 que afecta la pell: bloquejant\u00a0els metalls pesants, protegint i estabilitzant la membrana cel\u00b7lular i fent una acci\u00f3 antioxidant. A m\u00e9s, \u00e9s altament respectuosa amb la pell, pel qu\u00e8 pot ser utilitzada per tot tipus de pell. D\u00f3na-li a la pell el descans que es mereix despr\u00e9s d\u2019un dia llarg.<\/p>\n<p>Amb la\u00a0<a href=\"https:\/\/www.moodnatural.com\/ca\/producte\/crema-facial-diaria\/\"><strong>crema facial Source of Happiness<\/strong><\/a>\u00a0pots preparar la teva pell per un nou dia combinant actius antiedat i una formulaci\u00f3 pensada per una crema di\u00e0ria molt complerta. A la seva composici\u00f3 hi trobar\u00e0s una protecci\u00f3 solar SPF20, ideal pel dia a dia, a m\u00e9s d\u2019actius hidratants, antioxidants i regeneradors que promouen un bon estat d\u2019\u00e0nim.<\/p>\n<p>I finalment, el nostre s\u00e8rum\u00a0<a href=\"https:\/\/www.moodnatural.com\/ca\/producte\/serum-combo-regenera-regenerador-i-antiedat\/\"><strong>Combo Antiox+<\/strong><\/a>, inspirat en el coneixement de les herbes i plantes medicinals i curatives, i basat en el poder cosm\u00e8tic dels olis, la composici\u00f3 del \u00a0s\u00e8rum Combo Antiox+ \u00e9s un concentrat d\u2019actius amb tres ingredients de poder antioxidant que ajudaran la teva pell a mantenir-se en bon estat gr\u00e0cies a l\u2019oli de pastanaga, l\u2019oli essencial de taronja i la vitamina E.<\/p>\n","protected":false},"excerpt":{"rendered":"<p>Vols protegir la teva pell dels efectes negatius de la pol\u00b7luci\u00f3, els contaminants i els radicals lliures?\u00a0A Mood Natural Barcelona t\u2019expliquem com pots fer-ho\u2026 Segueix llegint i ho descobrir\u00e0s. Cada<\/p>\n","protected":false},"author":1,"featured_media":555,"comment_status":"closed","ping_status":"closed","sticky":false,"template":"","format":"standard","meta":{"_acf_changed":false,"footnotes":""},"categories":[1],"tags":[58,45,14,59,60,15,39,16,52,19,20,21,37,61,62,57],"class_list":["post-554","post","type-post","status-publish","format-standard","has-post-thumbnail","hentry","category-pell","tag-antioxidants","tag-barcelona","tag-barcelona-mood","tag-contaminacio","tag-cosmetica","tag-cosmetica-barcelona","tag-cosmetica-natural","tag-cosmetica-natural-barcelona","tag-detox","tag-mood-natural","tag-mood-natural-barcelona","tag-natural-mood","tag-pell","tag-pollution","tag-skin-care","tag-urban-detox"],"acf":[],"yoast_head":"<!-- This site is optimized with the Yoast SEO plugin v24.7 - https:\/\/yoast.com\/wordpress\/plugins\/seo\/ -->\n<title>Contaminaci\u00f3 i pell, com protegir-- Mood Natural Barcelona<\/title>\n<meta name=\"description\" content=\"Quan parlem de contaminaci\u00f3 i pell hem de prevenir els danys de la pol\u00b7luci\u00f3 i dels radicals lliures en aquesta. Protegeix-te amb Mood Natural Barcelona.\" \/>\n<meta name=\"robots\" content=\"index, follow, max-snippet:-1, max-image-preview:large, max-video-preview:-1\" \/>\n<link rel=\"canonical\" href=\"https:\/\/www.moodnatural.com\/ca\/2015\/03\/29\/contaminacio-afecta-teva-pell\/\" \/>\n<meta property=\"og:locale\" content=\"ca_ES\" \/>\n<meta property=\"og:type\" content=\"article\" \/>\n<meta property=\"og:title\" content=\"Contaminaci\u00f3 i pell, com protegir-- Mood Natural Barcelona\" \/>\n<meta property=\"og:description\" content=\"Quan parlem de contaminaci\u00f3 i pell hem de prevenir els danys de la pol\u00b7luci\u00f3 i dels radicals lliures en aquesta. Protegeix-te amb Mood Natural Barcelona.\" \/>\n<meta property=\"og:url\" content=\"https:\/\/www.moodnatural.com\/ca\/2015\/03\/29\/contaminacio-afecta-teva-pell\/\" \/>\n<meta property=\"og:site_name\" content=\"Mood Natural\" \/>\n<meta property=\"article:published_time\" content=\"2015-03-29T10:30:00+00:00\" \/>\n<meta property=\"article:modified_time\" content=\"2020-01-03T15:14:37+00:00\" \/>\n<meta property=\"og:image\" content=\"https:\/\/www.moodnatural.com\/wp-content\/uploads\/2017\/08\/13-mnb_pollution.jpg\" \/>\n\t<meta property=\"og:image:width\" content=\"700\" \/>\n\t<meta property=\"og:image:height\" content=\"466\" \/>\n\t<meta property=\"og:image:type\" content=\"image\/jpeg\" \/>\n<meta name=\"author\" content=\"jordi\" \/>\n<meta name=\"twitter:card\" content=\"summary_large_image\" \/>\n<meta name=\"twitter:label1\" content=\"Escrit per\" \/>\n\t<meta name=\"twitter:data1\" content=\"jordi\" \/>\n\t<meta name=\"twitter:label2\" content=\"Temps estimat de lectura\" \/>\n\t<meta name=\"twitter:data2\" content=\"2 minuts\" \/>\n<script type=\"application\/ld+json\" class=\"yoast-schema-graph\">{\"@context\":\"https:\/\/schema.org\",\"@graph\":[{\"@type\":\"Article\",\"@id\":\"https:\/\/www.moodnatural.com\/ca\/2015\/03\/29\/contaminacio-afecta-teva-pell\/#article\",\"isPartOf\":{\"@id\":\"https:\/\/www.moodnatural.com\/ca\/2015\/03\/29\/contaminacio-afecta-teva-pell\/\"},\"author\":{\"name\":\"jordi\",\"@id\":\"https:\/\/www.moodnatural.com\/ca\/#\/schema\/person\/1c544f5ff43b5d545961cda75f0266f2\"},\"headline\":\"La contaminaci\u00f3 afecta la teva pell\",\"datePublished\":\"2015-03-29T10:30:00+00:00\",\"dateModified\":\"2020-01-03T15:14:37+00:00\",\"mainEntityOfPage\":{\"@id\":\"https:\/\/www.moodnatural.com\/ca\/2015\/03\/29\/contaminacio-afecta-teva-pell\/\"},\"wordCount\":428,\"publisher\":{\"@id\":\"https:\/\/www.moodnatural.com\/ca\/#organization\"},\"image\":{\"@id\":\"https:\/\/www.moodnatural.com\/ca\/2015\/03\/29\/contaminacio-afecta-teva-pell\/#primaryimage\"},\"thumbnailUrl\":\"https:\/\/www.moodnatural.com\/wp-content\/uploads\/2017\/08\/13-mnb_pollution.jpg\",\"keywords\":[\"antioxidants\",\"barcelona\",\"barcelona mood\",\"contaminaci\u00f3\",\"cosm\u00e8tica\",\"cosm\u00e8tica barcelona\",\"cosm\u00e8tica natural\",\"cosm\u00e8tica natural barcelona\",\"detox\",\"mood natural\",\"mood natural barcelona\",\"natural mood\",\"pell\",\"pollution\",\"skin care\",\"urban detox\"],\"articleSection\":[\"Pell\"],\"inLanguage\":\"ca\"},{\"@type\":\"WebPage\",\"@id\":\"https:\/\/www.moodnatural.com\/ca\/2015\/03\/29\/contaminacio-afecta-teva-pell\/\",\"url\":\"https:\/\/www.moodnatural.com\/ca\/2015\/03\/29\/contaminacio-afecta-teva-pell\/\",\"name\":\"Contaminaci\u00f3 i pell, com protegir-- Mood Natural Barcelona\",\"isPartOf\":{\"@id\":\"https:\/\/www.moodnatural.com\/ca\/#website\"},\"primaryImageOfPage\":{\"@id\":\"https:\/\/www.moodnatural.com\/ca\/2015\/03\/29\/contaminacio-afecta-teva-pell\/#primaryimage\"},\"image\":{\"@id\":\"https:\/\/www.moodnatural.com\/ca\/2015\/03\/29\/contaminacio-afecta-teva-pell\/#primaryimage\"},\"thumbnailUrl\":\"https:\/\/www.moodnatural.com\/wp-content\/uploads\/2017\/08\/13-mnb_pollution.jpg\",\"datePublished\":\"2015-03-29T10:30:00+00:00\",\"dateModified\":\"2020-01-03T15:14:37+00:00\",\"description\":\"Quan parlem de contaminaci\u00f3 i pell hem de prevenir els danys de la pol\u00b7luci\u00f3 i dels radicals lliures en aquesta. Protegeix-te amb Mood Natural Barcelona.\",\"breadcrumb\":{\"@id\":\"https:\/\/www.moodnatural.com\/ca\/2015\/03\/29\/contaminacio-afecta-teva-pell\/#breadcrumb\"},\"inLanguage\":\"ca\",\"potentialAction\":[{\"@type\":\"ReadAction\",\"target\":[\"https:\/\/www.moodnatural.com\/ca\/2015\/03\/29\/contaminacio-afecta-teva-pell\/\"]}]},{\"@type\":\"ImageObject\",\"inLanguage\":\"ca\",\"@id\":\"https:\/\/www.moodnatural.com\/ca\/2015\/03\/29\/contaminacio-afecta-teva-pell\/#primaryimage\",\"url\":\"https:\/\/www.moodnatural.com\/wp-content\/uploads\/2017\/08\/13-mnb_pollution.jpg\",\"contentUrl\":\"https:\/\/www.moodnatural.com\/wp-content\/uploads\/2017\/08\/13-mnb_pollution.jpg\",\"width\":700,\"height\":466,\"caption\":\"Contaminaci\u00f3 i pell\"},{\"@type\":\"BreadcrumbList\",\"@id\":\"https:\/\/www.moodnatural.com\/ca\/2015\/03\/29\/contaminacio-afecta-teva-pell\/#breadcrumb\",\"itemListElement\":[{\"@type\":\"ListItem\",\"position\":1,\"name\":\"Portada\",\"item\":\"https:\/\/www.moodnatural.com\/ca\/\"},{\"@type\":\"ListItem\",\"position\":2,\"name\":\"La contaminaci\u00f3 afecta la teva pell\"}]},{\"@type\":\"WebSite\",\"@id\":\"https:\/\/www.moodnatural.com\/ca\/#website\",\"url\":\"https:\/\/www.moodnatural.com\/ca\/\",\"name\":\"Mood Natural\",\"description\":\"Cosm\u00e9tica natural Barcelona\",\"publisher\":{\"@id\":\"https:\/\/www.moodnatural.com\/ca\/#organization\"},\"potentialAction\":[{\"@type\":\"SearchAction\",\"target\":{\"@type\":\"EntryPoint\",\"urlTemplate\":\"https:\/\/www.moodnatural.com\/ca\/?s={search_term_string}\"},\"query-input\":{\"@type\":\"PropertyValueSpecification\",\"valueRequired\":true,\"valueName\":\"search_term_string\"}}],\"inLanguage\":\"ca\"},{\"@type\":\"Organization\",\"@id\":\"https:\/\/www.moodnatural.com\/ca\/#organization\",\"name\":\"Mood Natural Barcelona\",\"url\":\"https:\/\/www.moodnatural.com\/ca\/\",\"logo\":{\"@type\":\"ImageObject\",\"inLanguage\":\"ca\",\"@id\":\"https:\/\/www.moodnatural.com\/ca\/#\/schema\/logo\/image\/\",\"url\":\"https:\/\/www.moodnatural.com\/wp-content\/uploads\/2017\/09\/logo-moodbarcelona-55.png\",\"contentUrl\":\"https:\/\/www.moodnatural.com\/wp-content\/uploads\/2017\/09\/logo-moodbarcelona-55.png\",\"width\":330,\"height\":55,\"caption\":\"Mood Natural Barcelona\"},\"image\":{\"@id\":\"https:\/\/www.moodnatural.com\/ca\/#\/schema\/logo\/image\/\"}},{\"@type\":\"Person\",\"@id\":\"https:\/\/www.moodnatural.com\/ca\/#\/schema\/person\/1c544f5ff43b5d545961cda75f0266f2\",\"name\":\"jordi\",\"image\":{\"@type\":\"ImageObject\",\"inLanguage\":\"ca\",\"@id\":\"https:\/\/www.moodnatural.com\/ca\/#\/schema\/person\/image\/\",\"url\":\"https:\/\/secure.gravatar.com\/avatar\/64ee57f098f38572a60fac7cc89c1a4e8fc17a850ca53ae642e23623210fc671?s=96&d=mm&r=g\",\"contentUrl\":\"https:\/\/secure.gravatar.com\/avatar\/64ee57f098f38572a60fac7cc89c1a4e8fc17a850ca53ae642e23623210fc671?s=96&d=mm&r=g\",\"caption\":\"jordi\"}}]}<\/script>\n<!-- \/ Yoast SEO plugin. -->","yoast_head_json":{"title":"Contaminaci\u00f3 i pell, com protegir-- Mood Natural Barcelona","description":"Quan parlem de contaminaci\u00f3 i pell hem de prevenir els danys de la pol\u00b7luci\u00f3 i dels radicals lliures en aquesta. Protegeix-te amb Mood Natural Barcelona.","robots":{"index":"index","follow":"follow","max-snippet":"max-snippet:-1","max-image-preview":"max-image-preview:large","max-video-preview":"max-video-preview:-1"},"canonical":"https:\/\/www.moodnatural.com\/ca\/2015\/03\/29\/contaminacio-afecta-teva-pell\/","og_locale":"ca_ES","og_type":"article","og_title":"Contaminaci\u00f3 i pell, com protegir-- Mood Natural Barcelona","og_description":"Quan parlem de contaminaci\u00f3 i pell hem de prevenir els danys de la pol\u00b7luci\u00f3 i dels radicals lliures en aquesta. Protegeix-te amb Mood Natural Barcelona.","og_url":"https:\/\/www.moodnatural.com\/ca\/2015\/03\/29\/contaminacio-afecta-teva-pell\/","og_site_name":"Mood Natural","article_published_time":"2015-03-29T10:30:00+00:00","article_modified_time":"2020-01-03T15:14:37+00:00","og_image":[{"width":700,"height":466,"url":"https:\/\/www.moodnatural.com\/wp-content\/uploads\/2017\/08\/13-mnb_pollution.jpg","type":"image\/jpeg"}],"author":"jordi","twitter_card":"summary_large_image","twitter_misc":{"Escrit per":"jordi","Temps estimat de lectura":"2 minuts"},"schema":{"@context":"https:\/\/schema.org","@graph":[{"@type":"Article","@id":"https:\/\/www.moodnatural.com\/ca\/2015\/03\/29\/contaminacio-afecta-teva-pell\/#article","isPartOf":{"@id":"https:\/\/www.moodnatural.com\/ca\/2015\/03\/29\/contaminacio-afecta-teva-pell\/"},"author":{"name":"jordi","@id":"https:\/\/www.moodnatural.com\/ca\/#\/schema\/person\/1c544f5ff43b5d545961cda75f0266f2"},"headline":"La contaminaci\u00f3 afecta la teva pell","datePublished":"2015-03-29T10:30:00+00:00","dateModified":"2020-01-03T15:14:37+00:00","mainEntityOfPage":{"@id":"https:\/\/www.moodnatural.com\/ca\/2015\/03\/29\/contaminacio-afecta-teva-pell\/"},"wordCount":428,"publisher":{"@id":"https:\/\/www.moodnatural.com\/ca\/#organization"},"image":{"@id":"https:\/\/www.moodnatural.com\/ca\/2015\/03\/29\/contaminacio-afecta-teva-pell\/#primaryimage"},"thumbnailUrl":"https:\/\/www.moodnatural.com\/wp-content\/uploads\/2017\/08\/13-mnb_pollution.jpg","keywords":["antioxidants","barcelona","barcelona mood","contaminaci\u00f3","cosm\u00e8tica","cosm\u00e8tica barcelona","cosm\u00e8tica natural","cosm\u00e8tica natural barcelona","detox","mood natural","mood natural barcelona","natural mood","pell","pollution","skin care","urban detox"],"articleSection":["Pell"],"inLanguage":"ca"},{"@type":"WebPage","@id":"https:\/\/www.moodnatural.com\/ca\/2015\/03\/29\/contaminacio-afecta-teva-pell\/","url":"https:\/\/www.moodnatural.com\/ca\/2015\/03\/29\/contaminacio-afecta-teva-pell\/","name":"Contaminaci\u00f3 i pell, com protegir-- Mood Natural Barcelona","isPartOf":{"@id":"https:\/\/www.moodnatural.com\/ca\/#website"},"primaryImageOfPage":{"@id":"https:\/\/www.moodnatural.com\/ca\/2015\/03\/29\/contaminacio-afecta-teva-pell\/#primaryimage"},"image":{"@id":"https:\/\/www.moodnatural.com\/ca\/2015\/03\/29\/contaminacio-afecta-teva-pell\/#primaryimage"},"thumbnailUrl":"https:\/\/www.moodnatural.com\/wp-content\/uploads\/2017\/08\/13-mnb_pollution.jpg","datePublished":"2015-03-29T10:30:00+00:00","dateModified":"2020-01-03T15:14:37+00:00","description":"Quan parlem de contaminaci\u00f3 i pell hem de prevenir els danys de la pol\u00b7luci\u00f3 i dels radicals lliures en aquesta. Protegeix-te amb Mood Natural Barcelona.","breadcrumb":{"@id":"https:\/\/www.moodnatural.com\/ca\/2015\/03\/29\/contaminacio-afecta-teva-pell\/#breadcrumb"},"inLanguage":"ca","potentialAction":[{"@type":"ReadAction","target":["https:\/\/www.moodnatural.com\/ca\/2015\/03\/29\/contaminacio-afecta-teva-pell\/"]}]},{"@type":"ImageObject","inLanguage":"ca","@id":"https:\/\/www.moodnatural.com\/ca\/2015\/03\/29\/contaminacio-afecta-teva-pell\/#primaryimage","url":"https:\/\/www.moodnatural.com\/wp-content\/uploads\/2017\/08\/13-mnb_pollution.jpg","contentUrl":"https:\/\/www.moodnatural.com\/wp-content\/uploads\/2017\/08\/13-mnb_pollution.jpg","width":700,"height":466,"caption":"Contaminaci\u00f3 i pell"},{"@type":"BreadcrumbList","@id":"https:\/\/www.moodnatural.com\/ca\/2015\/03\/29\/contaminacio-afecta-teva-pell\/#breadcrumb","itemListElement":[{"@type":"ListItem","position":1,"name":"Portada","item":"https:\/\/www.moodnatural.com\/ca\/"},{"@type":"ListItem","position":2,"name":"La contaminaci\u00f3 afecta la teva pell"}]},{"@type":"WebSite","@id":"https:\/\/www.moodnatural.com\/ca\/#website","url":"https:\/\/www.moodnatural.com\/ca\/","name":"Mood Natural","description":"Cosm\u00e9tica natural Barcelona","publisher":{"@id":"https:\/\/www.moodnatural.com\/ca\/#organization"},"potentialAction":[{"@type":"SearchAction","target":{"@type":"EntryPoint","urlTemplate":"https:\/\/www.moodnatural.com\/ca\/?s={search_term_string}"},"query-input":{"@type":"PropertyValueSpecification","valueRequired":true,"valueName":"search_term_string"}}],"inLanguage":"ca"},{"@type":"Organization","@id":"https:\/\/www.moodnatural.com\/ca\/#organization","name":"Mood Natural Barcelona","url":"https:\/\/www.moodnatural.com\/ca\/","logo":{"@type":"ImageObject","inLanguage":"ca","@id":"https:\/\/www.moodnatural.com\/ca\/#\/schema\/logo\/image\/","url":"https:\/\/www.moodnatural.com\/wp-content\/uploads\/2017\/09\/logo-moodbarcelona-55.png","contentUrl":"https:\/\/www.moodnatural.com\/wp-content\/uploads\/2017\/09\/logo-moodbarcelona-55.png","width":330,"height":55,"caption":"Mood Natural Barcelona"},"image":{"@id":"https:\/\/www.moodnatural.com\/ca\/#\/schema\/logo\/image\/"}},{"@type":"Person","@id":"https:\/\/www.moodnatural.com\/ca\/#\/schema\/person\/1c544f5ff43b5d545961cda75f0266f2","name":"jordi","image":{"@type":"ImageObject","inLanguage":"ca","@id":"https:\/\/www.moodnatural.com\/ca\/#\/schema\/person\/image\/","url":"https:\/\/secure.gravatar.com\/avatar\/64ee57f098f38572a60fac7cc89c1a4e8fc17a850ca53ae642e23623210fc671?s=96&d=mm&r=g","contentUrl":"https:\/\/secure.gravatar.com\/avatar\/64ee57f098f38572a60fac7cc89c1a4e8fc17a850ca53ae642e23623210fc671?s=96&d=mm&r=g","caption":"jordi"}}]}},"_links":{"self":[{"href":"https:\/\/www.moodnatural.com\/ca\/wp-json\/wp\/v2\/posts\/554","targetHints":{"allow":["GET"]}}],"collection":[{"href":"https:\/\/www.moodnatural.com\/ca\/wp-json\/wp\/v2\/posts"}],"about":[{"href":"https:\/\/www.moodnatural.com\/ca\/wp-json\/wp\/v2\/types\/post"}],"author":[{"embeddable":true,"href":"https:\/\/www.moodnatural.com\/ca\/wp-json\/wp\/v2\/users\/1"}],"replies":[{"embeddable":true,"href":"https:\/\/www.moodnatural.com\/ca\/wp-json\/wp\/v2\/comments?post=554"}],"version-history":[{"count":0,"href":"https:\/\/www.moodnatural.com\/ca\/wp-json\/wp\/v2\/posts\/554\/revisions"}],"wp:featuredmedia":[{"embeddable":true,"href":"https:\/\/www.moodnatural.com\/ca\/wp-json\/wp\/v2\/media\/555"}],"wp:attachment":[{"href":"https:\/\/www.moodnatural.com\/ca\/wp-json\/wp\/v2\/media?parent=554"}],"wp:term":[{"taxonomy":"category","embeddable":true,"href":"https:\/\/www.moodnatural.com\/ca\/wp-json\/wp\/v2\/categories?post=554"},{"taxonomy":"post_tag","embeddable":true,"href":"https:\/\/www.moodnatural.com\/ca\/wp-json\/wp\/v2\/tags?post=554"}],"curies":[{"name":"wp","href":"https:\/\/api.w.org\/{rel}","templated":true}]}}