{"id":149,"date":"2014-12-22T18:56:04","date_gmt":"2014-12-22T17:56:04","guid":{"rendered":"http:\/\/milimetricserver.com\/moodnatural\/?p=149"},"modified":"2020-01-03T16:20:23","modified_gmt":"2020-01-03T15:20:23","slug":"good-mood-fes-sentir-be-pell-cosmetica-natural","status":"publish","type":"post","link":"https:\/\/www.moodnatural.com\/ca\/2014\/12\/22\/good-mood-fes-sentir-be-pell-cosmetica-natural\/","title":{"rendered":"Good Mood: fes sentir b\u00e9 la pell amb la cosm\u00e8tica natural"},"content":{"rendered":"<p>El good mood tamb\u00e9 \u00e9s necessari per la pell. Ens protegeix, ens defensa, ens embolcalla, ens d\u00f3na el sentit del tacte\u2026 i nosaltres qu\u00e8 li donem? com en tenim cura?<\/p>\n<p>Moltes vegades no dediquem prou temps i cura a qui ens d\u00f3na m\u00e9s perqu\u00e8 sempre hi \u00e9s, oi? Doncs amb la pell passa el mateix! A Mood Natural Barcelona sabem com \u00e9s d\u2019important cuidar la pell i per aix\u00f2 et presentem aquest post on veur\u00e0s que la cosm\u00e8tica natural pot ajudar-te molt! Una pell amb good mood (bon estat d\u2019\u00e0nim) \u00e9s una pell feli\u00e7 i radiant!<\/p>\n<p>Coses imprescindibles per la pell i que ajuden a que estigui m\u00e9s sana i amb un aspecte m\u00e9s jove, amb m\u00e9s good mood:<\/p>\n<h4>Hidrataci\u00f3, hidrataci\u00f3, hidrataci\u00f3 i m\u00e9s hidrataci\u00f3<\/h4>\n<p>No ens cansarem de repetir que la p\u00e8rdua di\u00e0ria d\u2019aigua per la pell \u00e9s alt\u00edssima i \u00e9s un dels components que necessita per tenir l\u2019elasticitat i propietats correctes. Hidrata\u2019t bevent aigua sovint. Beu com a m\u00ednim 1,5 litres d\u2019aigua repartits al llarg del dia i no esperis a tenir set per beure. A m\u00e9s, cal que li aportis productes hidratants que la rehidratin i que evitin tamb\u00e9 la p\u00e8rdua d\u2019aigua transepid\u00e8rmica, com\u00a0<strong>l\u2019oli d\u2019ametlles dolces, l\u2019oli d\u2019oliva o l\u2019\u00e0cid hialur\u00f2nic<\/strong>, entre d\u2019altres.<\/p>\n<h4>Protecci\u00f3 solar cada dia de l\u2019any<\/h4>\n<p>Perqu\u00e8 la radiaci\u00f3 solar no fa vacances i no hi ha dosi m\u00ednima pel que fa als cancer\u00edgens. Cal que sempre portem protegides del sol aquelles zones que queden exposades. A l\u2019hivern podem protegir-nos amb factors m\u00e9s baixos, com un SPF20, per\u00f2 a l\u2019estiu ja es requereix protecci\u00f3 alta, a partir d\u2019SPF30. A m\u00e9s d\u2019evitar els efectes cancer\u00edgens, estarem evitant-nos taques solars, marques i imperfeccions degudes al fotoenvelliment.<\/p>\n<h4>Bon rotllo<\/h4>\n<p>Si somrius, si abraces, si comparteixes, si gaudeixes de cada moment, si rius, si et relaxes, la pell ho nota. El\u00a0<strong>good mood<\/strong>\u00a0ens descontractura els m\u00fasculs, ens fa brillar els ulls i la pell i ens veiem m\u00e9s joves. Tot s\u00f3n beneficis! O sigui que ja ho saps\u2026 per una pell feli\u00e7, practica el Good Mood!<\/p>\n<p>Trobar\u00e0s aquests tres ingredients,\u00a0<strong>hidrataci\u00f3, protecci\u00f3 solar i good mood<\/strong>\u00a0als productes de Mood Natural Barcelona. Explora\u2019ls tots a la nostra\u00a0<a href=\"https:\/\/www.moodnatural.com\/ca\/\">botiga online de com\u00e8stica natural<\/a>\u00a0i si tens cap pregunta no dubtis a contactar-nos!<\/p>\n","protected":false},"excerpt":{"rendered":"<p>El good mood tamb\u00e9 \u00e9s necessari per la pell. Ens protegeix, ens defensa, ens embolcalla, ens d\u00f3na el sentit del tacte\u2026 i nosaltres qu\u00e8 li donem? com en tenim cura?<\/p>\n","protected":false},"author":1,"featured_media":542,"comment_status":"closed","ping_status":"closed","sticky":false,"template":"","format":"standard","meta":{"_acf_changed":false,"footnotes":""},"categories":[1],"tags":[34,35,15,16,36,29,30,19,20,21,37,38],"class_list":["post-149","post","type-post","status-publish","format-standard","has-post-thumbnail","hentry","category-pell","tag-bon-rotllo","tag-consells","tag-cosmetica-barcelona","tag-cosmetica-natural-barcelona","tag-good-mood","tag-hidratacio","tag-mediterrani","tag-mood-natural","tag-mood-natural-barcelona","tag-natural-mood","tag-pell","tag-proteccio-solar"],"acf":[],"yoast_head":"<!-- This site is optimized with the Yoast SEO plugin v24.7 - https:\/\/yoast.com\/wordpress\/plugins\/seo\/ -->\n<title>Que la pell es senti b\u00e9 amb cosm\u00e8tica natural - Mood Natural Barcelona<\/title>\n<meta name=\"description\" content=\"\u00bfTenim cura de la nostra pell? Gaudeix del Good Mood i fes sentir b\u00e9 la pell amb cosm\u00e8tica natural. Segueix els consells de Mood Natural Barcelona.\" \/>\n<meta name=\"robots\" content=\"index, follow, max-snippet:-1, max-image-preview:large, max-video-preview:-1\" \/>\n<link rel=\"canonical\" href=\"https:\/\/www.moodnatural.com\/ca\/2014\/12\/22\/good-mood-fes-sentir-be-pell-cosmetica-natural\/\" \/>\n<meta property=\"og:locale\" content=\"ca_ES\" \/>\n<meta property=\"og:type\" content=\"article\" \/>\n<meta property=\"og:title\" content=\"Que la pell es senti b\u00e9 amb cosm\u00e8tica natural - Mood Natural Barcelona\" \/>\n<meta property=\"og:description\" content=\"\u00bfTenim cura de la nostra pell? Gaudeix del Good Mood i fes sentir b\u00e9 la pell amb cosm\u00e8tica natural. Segueix els consells de Mood Natural Barcelona.\" \/>\n<meta property=\"og:url\" content=\"https:\/\/www.moodnatural.com\/ca\/2014\/12\/22\/good-mood-fes-sentir-be-pell-cosmetica-natural\/\" \/>\n<meta property=\"og:site_name\" content=\"Mood Natural\" \/>\n<meta property=\"article:published_time\" content=\"2014-12-22T17:56:04+00:00\" \/>\n<meta property=\"article:modified_time\" content=\"2020-01-03T15:20:23+00:00\" \/>\n<meta property=\"og:image\" content=\"https:\/\/www.moodnatural.com\/wp-content\/uploads\/2017\/04\/08-mnb_bloc_mood.jpg\" \/>\n\t<meta property=\"og:image:width\" content=\"700\" \/>\n\t<meta property=\"og:image:height\" content=\"466\" \/>\n\t<meta property=\"og:image:type\" content=\"image\/jpeg\" \/>\n<meta name=\"author\" content=\"jordi\" \/>\n<meta name=\"twitter:card\" content=\"summary_large_image\" \/>\n<meta name=\"twitter:label1\" content=\"Escrit per\" \/>\n\t<meta name=\"twitter:data1\" content=\"jordi\" \/>\n\t<meta name=\"twitter:label2\" content=\"Temps estimat de lectura\" \/>\n\t<meta name=\"twitter:data2\" content=\"2 minuts\" \/>\n<script type=\"application\/ld+json\" class=\"yoast-schema-graph\">{\"@context\":\"https:\/\/schema.org\",\"@graph\":[{\"@type\":\"Article\",\"@id\":\"https:\/\/www.moodnatural.com\/ca\/2014\/12\/22\/good-mood-fes-sentir-be-pell-cosmetica-natural\/#article\",\"isPartOf\":{\"@id\":\"https:\/\/www.moodnatural.com\/ca\/2014\/12\/22\/good-mood-fes-sentir-be-pell-cosmetica-natural\/\"},\"author\":{\"name\":\"jordi\",\"@id\":\"https:\/\/www.moodnatural.com\/ca\/#\/schema\/person\/1c544f5ff43b5d545961cda75f0266f2\"},\"headline\":\"Good Mood: fes sentir b\u00e9 la pell amb la cosm\u00e8tica natural\",\"datePublished\":\"2014-12-22T17:56:04+00:00\",\"dateModified\":\"2020-01-03T15:20:23+00:00\",\"mainEntityOfPage\":{\"@id\":\"https:\/\/www.moodnatural.com\/ca\/2014\/12\/22\/good-mood-fes-sentir-be-pell-cosmetica-natural\/\"},\"wordCount\":432,\"publisher\":{\"@id\":\"https:\/\/www.moodnatural.com\/ca\/#organization\"},\"image\":{\"@id\":\"https:\/\/www.moodnatural.com\/ca\/2014\/12\/22\/good-mood-fes-sentir-be-pell-cosmetica-natural\/#primaryimage\"},\"thumbnailUrl\":\"https:\/\/www.moodnatural.com\/wp-content\/uploads\/2017\/04\/08-mnb_bloc_mood.jpg\",\"keywords\":[\"bon rotllo\",\"consells\",\"cosm\u00e8tica barcelona\",\"cosm\u00e8tica natural barcelona\",\"good mood\",\"hidrataci\u00f3\",\"mediterrani\",\"mood natural\",\"mood natural barcelona\",\"natural mood\",\"pell\",\"protecci\u00f3 solar\"],\"articleSection\":[\"Pell\"],\"inLanguage\":\"ca\"},{\"@type\":\"WebPage\",\"@id\":\"https:\/\/www.moodnatural.com\/ca\/2014\/12\/22\/good-mood-fes-sentir-be-pell-cosmetica-natural\/\",\"url\":\"https:\/\/www.moodnatural.com\/ca\/2014\/12\/22\/good-mood-fes-sentir-be-pell-cosmetica-natural\/\",\"name\":\"Que la pell es senti b\u00e9 amb cosm\u00e8tica natural - Mood Natural Barcelona\",\"isPartOf\":{\"@id\":\"https:\/\/www.moodnatural.com\/ca\/#website\"},\"primaryImageOfPage\":{\"@id\":\"https:\/\/www.moodnatural.com\/ca\/2014\/12\/22\/good-mood-fes-sentir-be-pell-cosmetica-natural\/#primaryimage\"},\"image\":{\"@id\":\"https:\/\/www.moodnatural.com\/ca\/2014\/12\/22\/good-mood-fes-sentir-be-pell-cosmetica-natural\/#primaryimage\"},\"thumbnailUrl\":\"https:\/\/www.moodnatural.com\/wp-content\/uploads\/2017\/04\/08-mnb_bloc_mood.jpg\",\"datePublished\":\"2014-12-22T17:56:04+00:00\",\"dateModified\":\"2020-01-03T15:20:23+00:00\",\"description\":\"\u00bfTenim cura de la nostra pell? Gaudeix del Good Mood i fes sentir b\u00e9 la pell amb cosm\u00e8tica natural. Segueix els consells de Mood Natural Barcelona.\",\"breadcrumb\":{\"@id\":\"https:\/\/www.moodnatural.com\/ca\/2014\/12\/22\/good-mood-fes-sentir-be-pell-cosmetica-natural\/#breadcrumb\"},\"inLanguage\":\"ca\",\"potentialAction\":[{\"@type\":\"ReadAction\",\"target\":[\"https:\/\/www.moodnatural.com\/ca\/2014\/12\/22\/good-mood-fes-sentir-be-pell-cosmetica-natural\/\"]}]},{\"@type\":\"ImageObject\",\"inLanguage\":\"ca\",\"@id\":\"https:\/\/www.moodnatural.com\/ca\/2014\/12\/22\/good-mood-fes-sentir-be-pell-cosmetica-natural\/#primaryimage\",\"url\":\"https:\/\/www.moodnatural.com\/wp-content\/uploads\/2017\/04\/08-mnb_bloc_mood.jpg\",\"contentUrl\":\"https:\/\/www.moodnatural.com\/wp-content\/uploads\/2017\/04\/08-mnb_bloc_mood.jpg\",\"width\":700,\"height\":466,\"caption\":\"sentir be la pell\"},{\"@type\":\"BreadcrumbList\",\"@id\":\"https:\/\/www.moodnatural.com\/ca\/2014\/12\/22\/good-mood-fes-sentir-be-pell-cosmetica-natural\/#breadcrumb\",\"itemListElement\":[{\"@type\":\"ListItem\",\"position\":1,\"name\":\"Portada\",\"item\":\"https:\/\/www.moodnatural.com\/ca\/\"},{\"@type\":\"ListItem\",\"position\":2,\"name\":\"Good Mood: fes sentir b\u00e9 la pell amb la cosm\u00e8tica natural\"}]},{\"@type\":\"WebSite\",\"@id\":\"https:\/\/www.moodnatural.com\/ca\/#website\",\"url\":\"https:\/\/www.moodnatural.com\/ca\/\",\"name\":\"Mood Natural\",\"description\":\"Cosm\u00e9tica natural Barcelona\",\"publisher\":{\"@id\":\"https:\/\/www.moodnatural.com\/ca\/#organization\"},\"potentialAction\":[{\"@type\":\"SearchAction\",\"target\":{\"@type\":\"EntryPoint\",\"urlTemplate\":\"https:\/\/www.moodnatural.com\/ca\/?s={search_term_string}\"},\"query-input\":{\"@type\":\"PropertyValueSpecification\",\"valueRequired\":true,\"valueName\":\"search_term_string\"}}],\"inLanguage\":\"ca\"},{\"@type\":\"Organization\",\"@id\":\"https:\/\/www.moodnatural.com\/ca\/#organization\",\"name\":\"Mood Natural Barcelona\",\"url\":\"https:\/\/www.moodnatural.com\/ca\/\",\"logo\":{\"@type\":\"ImageObject\",\"inLanguage\":\"ca\",\"@id\":\"https:\/\/www.moodnatural.com\/ca\/#\/schema\/logo\/image\/\",\"url\":\"https:\/\/www.moodnatural.com\/wp-content\/uploads\/2017\/09\/logo-moodbarcelona-55.png\",\"contentUrl\":\"https:\/\/www.moodnatural.com\/wp-content\/uploads\/2017\/09\/logo-moodbarcelona-55.png\",\"width\":330,\"height\":55,\"caption\":\"Mood Natural Barcelona\"},\"image\":{\"@id\":\"https:\/\/www.moodnatural.com\/ca\/#\/schema\/logo\/image\/\"}},{\"@type\":\"Person\",\"@id\":\"https:\/\/www.moodnatural.com\/ca\/#\/schema\/person\/1c544f5ff43b5d545961cda75f0266f2\",\"name\":\"jordi\",\"image\":{\"@type\":\"ImageObject\",\"inLanguage\":\"ca\",\"@id\":\"https:\/\/www.moodnatural.com\/ca\/#\/schema\/person\/image\/\",\"url\":\"https:\/\/secure.gravatar.com\/avatar\/64ee57f098f38572a60fac7cc89c1a4e8fc17a850ca53ae642e23623210fc671?s=96&d=mm&r=g\",\"contentUrl\":\"https:\/\/secure.gravatar.com\/avatar\/64ee57f098f38572a60fac7cc89c1a4e8fc17a850ca53ae642e23623210fc671?s=96&d=mm&r=g\",\"caption\":\"jordi\"}}]}<\/script>\n<!-- \/ Yoast SEO plugin. -->","yoast_head_json":{"title":"Que la pell es senti b\u00e9 amb cosm\u00e8tica natural - Mood Natural Barcelona","description":"\u00bfTenim cura de la nostra pell? Gaudeix del Good Mood i fes sentir b\u00e9 la pell amb cosm\u00e8tica natural. Segueix els consells de Mood Natural Barcelona.","robots":{"index":"index","follow":"follow","max-snippet":"max-snippet:-1","max-image-preview":"max-image-preview:large","max-video-preview":"max-video-preview:-1"},"canonical":"https:\/\/www.moodnatural.com\/ca\/2014\/12\/22\/good-mood-fes-sentir-be-pell-cosmetica-natural\/","og_locale":"ca_ES","og_type":"article","og_title":"Que la pell es senti b\u00e9 amb cosm\u00e8tica natural - Mood Natural Barcelona","og_description":"\u00bfTenim cura de la nostra pell? Gaudeix del Good Mood i fes sentir b\u00e9 la pell amb cosm\u00e8tica natural. Segueix els consells de Mood Natural Barcelona.","og_url":"https:\/\/www.moodnatural.com\/ca\/2014\/12\/22\/good-mood-fes-sentir-be-pell-cosmetica-natural\/","og_site_name":"Mood Natural","article_published_time":"2014-12-22T17:56:04+00:00","article_modified_time":"2020-01-03T15:20:23+00:00","og_image":[{"width":700,"height":466,"url":"https:\/\/www.moodnatural.com\/wp-content\/uploads\/2017\/04\/08-mnb_bloc_mood.jpg","type":"image\/jpeg"}],"author":"jordi","twitter_card":"summary_large_image","twitter_misc":{"Escrit per":"jordi","Temps estimat de lectura":"2 minuts"},"schema":{"@context":"https:\/\/schema.org","@graph":[{"@type":"Article","@id":"https:\/\/www.moodnatural.com\/ca\/2014\/12\/22\/good-mood-fes-sentir-be-pell-cosmetica-natural\/#article","isPartOf":{"@id":"https:\/\/www.moodnatural.com\/ca\/2014\/12\/22\/good-mood-fes-sentir-be-pell-cosmetica-natural\/"},"author":{"name":"jordi","@id":"https:\/\/www.moodnatural.com\/ca\/#\/schema\/person\/1c544f5ff43b5d545961cda75f0266f2"},"headline":"Good Mood: fes sentir b\u00e9 la pell amb la cosm\u00e8tica natural","datePublished":"2014-12-22T17:56:04+00:00","dateModified":"2020-01-03T15:20:23+00:00","mainEntityOfPage":{"@id":"https:\/\/www.moodnatural.com\/ca\/2014\/12\/22\/good-mood-fes-sentir-be-pell-cosmetica-natural\/"},"wordCount":432,"publisher":{"@id":"https:\/\/www.moodnatural.com\/ca\/#organization"},"image":{"@id":"https:\/\/www.moodnatural.com\/ca\/2014\/12\/22\/good-mood-fes-sentir-be-pell-cosmetica-natural\/#primaryimage"},"thumbnailUrl":"https:\/\/www.moodnatural.com\/wp-content\/uploads\/2017\/04\/08-mnb_bloc_mood.jpg","keywords":["bon rotllo","consells","cosm\u00e8tica barcelona","cosm\u00e8tica natural barcelona","good mood","hidrataci\u00f3","mediterrani","mood natural","mood natural barcelona","natural mood","pell","protecci\u00f3 solar"],"articleSection":["Pell"],"inLanguage":"ca"},{"@type":"WebPage","@id":"https:\/\/www.moodnatural.com\/ca\/2014\/12\/22\/good-mood-fes-sentir-be-pell-cosmetica-natural\/","url":"https:\/\/www.moodnatural.com\/ca\/2014\/12\/22\/good-mood-fes-sentir-be-pell-cosmetica-natural\/","name":"Que la pell es senti b\u00e9 amb cosm\u00e8tica natural - Mood Natural Barcelona","isPartOf":{"@id":"https:\/\/www.moodnatural.com\/ca\/#website"},"primaryImageOfPage":{"@id":"https:\/\/www.moodnatural.com\/ca\/2014\/12\/22\/good-mood-fes-sentir-be-pell-cosmetica-natural\/#primaryimage"},"image":{"@id":"https:\/\/www.moodnatural.com\/ca\/2014\/12\/22\/good-mood-fes-sentir-be-pell-cosmetica-natural\/#primaryimage"},"thumbnailUrl":"https:\/\/www.moodnatural.com\/wp-content\/uploads\/2017\/04\/08-mnb_bloc_mood.jpg","datePublished":"2014-12-22T17:56:04+00:00","dateModified":"2020-01-03T15:20:23+00:00","description":"\u00bfTenim cura de la nostra pell? Gaudeix del Good Mood i fes sentir b\u00e9 la pell amb cosm\u00e8tica natural. Segueix els consells de Mood Natural Barcelona.","breadcrumb":{"@id":"https:\/\/www.moodnatural.com\/ca\/2014\/12\/22\/good-mood-fes-sentir-be-pell-cosmetica-natural\/#breadcrumb"},"inLanguage":"ca","potentialAction":[{"@type":"ReadAction","target":["https:\/\/www.moodnatural.com\/ca\/2014\/12\/22\/good-mood-fes-sentir-be-pell-cosmetica-natural\/"]}]},{"@type":"ImageObject","inLanguage":"ca","@id":"https:\/\/www.moodnatural.com\/ca\/2014\/12\/22\/good-mood-fes-sentir-be-pell-cosmetica-natural\/#primaryimage","url":"https:\/\/www.moodnatural.com\/wp-content\/uploads\/2017\/04\/08-mnb_bloc_mood.jpg","contentUrl":"https:\/\/www.moodnatural.com\/wp-content\/uploads\/2017\/04\/08-mnb_bloc_mood.jpg","width":700,"height":466,"caption":"sentir be la pell"},{"@type":"BreadcrumbList","@id":"https:\/\/www.moodnatural.com\/ca\/2014\/12\/22\/good-mood-fes-sentir-be-pell-cosmetica-natural\/#breadcrumb","itemListElement":[{"@type":"ListItem","position":1,"name":"Portada","item":"https:\/\/www.moodnatural.com\/ca\/"},{"@type":"ListItem","position":2,"name":"Good Mood: fes sentir b\u00e9 la pell amb la cosm\u00e8tica natural"}]},{"@type":"WebSite","@id":"https:\/\/www.moodnatural.com\/ca\/#website","url":"https:\/\/www.moodnatural.com\/ca\/","name":"Mood Natural","description":"Cosm\u00e9tica natural Barcelona","publisher":{"@id":"https:\/\/www.moodnatural.com\/ca\/#organization"},"potentialAction":[{"@type":"SearchAction","target":{"@type":"EntryPoint","urlTemplate":"https:\/\/www.moodnatural.com\/ca\/?s={search_term_string}"},"query-input":{"@type":"PropertyValueSpecification","valueRequired":true,"valueName":"search_term_string"}}],"inLanguage":"ca"},{"@type":"Organization","@id":"https:\/\/www.moodnatural.com\/ca\/#organization","name":"Mood Natural Barcelona","url":"https:\/\/www.moodnatural.com\/ca\/","logo":{"@type":"ImageObject","inLanguage":"ca","@id":"https:\/\/www.moodnatural.com\/ca\/#\/schema\/logo\/image\/","url":"https:\/\/www.moodnatural.com\/wp-content\/uploads\/2017\/09\/logo-moodbarcelona-55.png","contentUrl":"https:\/\/www.moodnatural.com\/wp-content\/uploads\/2017\/09\/logo-moodbarcelona-55.png","width":330,"height":55,"caption":"Mood Natural Barcelona"},"image":{"@id":"https:\/\/www.moodnatural.com\/ca\/#\/schema\/logo\/image\/"}},{"@type":"Person","@id":"https:\/\/www.moodnatural.com\/ca\/#\/schema\/person\/1c544f5ff43b5d545961cda75f0266f2","name":"jordi","image":{"@type":"ImageObject","inLanguage":"ca","@id":"https:\/\/www.moodnatural.com\/ca\/#\/schema\/person\/image\/","url":"https:\/\/secure.gravatar.com\/avatar\/64ee57f098f38572a60fac7cc89c1a4e8fc17a850ca53ae642e23623210fc671?s=96&d=mm&r=g","contentUrl":"https:\/\/secure.gravatar.com\/avatar\/64ee57f098f38572a60fac7cc89c1a4e8fc17a850ca53ae642e23623210fc671?s=96&d=mm&r=g","caption":"jordi"}}]}},"_links":{"self":[{"href":"https:\/\/www.moodnatural.com\/ca\/wp-json\/wp\/v2\/posts\/149","targetHints":{"allow":["GET"]}}],"collection":[{"href":"https:\/\/www.moodnatural.com\/ca\/wp-json\/wp\/v2\/posts"}],"about":[{"href":"https:\/\/www.moodnatural.com\/ca\/wp-json\/wp\/v2\/types\/post"}],"author":[{"embeddable":true,"href":"https:\/\/www.moodnatural.com\/ca\/wp-json\/wp\/v2\/users\/1"}],"replies":[{"embeddable":true,"href":"https:\/\/www.moodnatural.com\/ca\/wp-json\/wp\/v2\/comments?post=149"}],"version-history":[{"count":0,"href":"https:\/\/www.moodnatural.com\/ca\/wp-json\/wp\/v2\/posts\/149\/revisions"}],"wp:featuredmedia":[{"embeddable":true,"href":"https:\/\/www.moodnatural.com\/ca\/wp-json\/wp\/v2\/media\/542"}],"wp:attachment":[{"href":"https:\/\/www.moodnatural.com\/ca\/wp-json\/wp\/v2\/media?parent=149"}],"wp:term":[{"taxonomy":"category","embeddable":true,"href":"https:\/\/www.moodnatural.com\/ca\/wp-json\/wp\/v2\/categories?post=149"},{"taxonomy":"post_tag","embeddable":true,"href":"https:\/\/www.moodnatural.com\/ca\/wp-json\/wp\/v2\/tags?post=149"}],"curies":[{"name":"wp","href":"https:\/\/api.w.org\/{rel}","templated":true}]}}